{"id":14403,"date":"2021-06-24T23:48:40","date_gmt":"2021-06-25T02:48:40","guid":{"rendered":"http:\/\/www.revistarescatados.com.ar\/web\/?p=14403"},"modified":"2021-06-24T23:48:50","modified_gmt":"2021-06-25T02:48:50","slug":"sosa-anuncio-la-licitacion-de-la-ruta-31-que-une-intiyaco-con-tartagal","status":"publish","type":"post","link":"https:\/\/www.revistarescatados.com.ar\/web\/2021\/06\/24\/sosa-anuncio-la-licitacion-de-la-ruta-31-que-une-intiyaco-con-tartagal\/","title":{"rendered":"Sosa anunci\u00f3 la licitaci\u00f3n de la ruta 31 que une Intiyaco con Tartagal"},"content":{"rendered":"\n<p><strong><span class=\"has-inline-color has-vivid-red-color\">El d\u00eda 13 de julio se abrir\u00e1n los sobres para licitar la Ruta provincial N\u00b031 que une las localidades de Intiyaco y Tartagal, y as\u00ed, empezar a saldar otra deuda hist\u00f3rica con el norte del departamento Vera. El mismo d\u00eda tambi\u00e9n se abrir\u00e1n los sobres para pavimentar la Ruta N\u00b032 que conecta Tres Bocas con la localidad de Villa Ana.<\/span><\/strong><\/p>\n\n\n\n<figure class=\"wp-block-image size-large\"><img loading=\"lazy\" width=\"940\" height=\"788\" src=\"http:\/\/www.revistarescatados.com.ar\/web\/wp-content\/uploads\/2021\/06\/13-DE-JULIO.png\" alt=\"\" class=\"wp-image-14404\" srcset=\"https:\/\/www.revistarescatados.com.ar\/web\/wp-content\/uploads\/2021\/06\/13-DE-JULIO.png 940w, https:\/\/www.revistarescatados.com.ar\/web\/wp-content\/uploads\/2021\/06\/13-DE-JULIO-300x251.png 300w, https:\/\/www.revistarescatados.com.ar\/web\/wp-content\/uploads\/2021\/06\/13-DE-JULIO-768x644.png 768w\" sizes=\"(max-width: 940px) 100vw, 940px\" \/><\/figure>\n\n\n\n<p><\/p>\n\n\n\n<p>Las v\u00edas de comunicaci\u00f3n de los diferentes pueblos, aportan en gran medida a su desarrollo, por eso celebramos estas decisiones por parte del gobernador, Omar Perotti, que ponen en prioridad la conectividad de los pueblos.<\/p>\n","protected":false},"excerpt":{"rendered":"<p>El d\u00eda 13 de julio se abrir\u00e1n los sobres para licitar la Ruta provincial N\u00b031 que une las localidades de Intiyaco y Tartagal, y as\u00ed, empezar a saldar otra deuda hist\u00f3rica con&#46;&#46;&#46;<\/p>\n","protected":false},"author":1,"featured_media":14404,"comment_status":"closed","ping_status":"closed","sticky":false,"template":"","format":"standard","meta":[],"categories":[3,16,10],"tags":[],"_links":{"self":[{"href":"https:\/\/www.revistarescatados.com.ar\/web\/wp-json\/wp\/v2\/posts\/14403"}],"collection":[{"href":"https:\/\/www.revistarescatados.com.ar\/web\/wp-json\/wp\/v2\/posts"}],"about":[{"href":"https:\/\/www.revistarescatados.com.ar\/web\/wp-json\/wp\/v2\/types\/post"}],"author":[{"embeddable":true,"href":"https:\/\/www.revistarescatados.com.ar\/web\/wp-json\/wp\/v2\/users\/1"}],"replies":[{"embeddable":true,"href":"https:\/\/www.revistarescatados.com.ar\/web\/wp-json\/wp\/v2\/comments?post=14403"}],"version-history":[{"count":1,"href":"https:\/\/www.revistarescatados.com.ar\/web\/wp-json\/wp\/v2\/posts\/14403\/revisions"}],"predecessor-version":[{"id":14405,"href":"https:\/\/www.revistarescatados.com.ar\/web\/wp-json\/wp\/v2\/posts\/14403\/revisions\/14405"}],"wp:featuredmedia":[{"embeddable":true,"href":"https:\/\/www.revistarescatados.com.ar\/web\/wp-json\/wp\/v2\/media\/14404"}],"wp:attachment":[{"href":"https:\/\/www.revistarescatados.com.ar\/web\/wp-json\/wp\/v2\/media?parent=14403"}],"wp:term":[{"taxonomy":"category","embeddable":true,"href":"https:\/\/www.revistarescatados.com.ar\/web\/wp-json\/wp\/v2\/categories?post=14403"},{"taxonomy":"post_tag","embeddable":true,"href":"https:\/\/www.revistarescatados.com.ar\/web\/wp-json\/wp\/v2\/tags?post=14403"}],"curies":[{"name":"wp","href":"https:\/\/api.w.org\/{rel}","templated":true}]}}