{"id":14414,"date":"2021-06-28T15:06:08","date_gmt":"2021-06-28T18:06:08","guid":{"rendered":"http:\/\/www.revistarescatados.com.ar\/web\/?p=14414"},"modified":"2021-06-28T15:59:30","modified_gmt":"2021-06-28T18:59:30","slug":"bastia-en-el-departamento-vera","status":"publish","type":"post","link":"https:\/\/www.revistarescatados.com.ar\/web\/2021\/06\/28\/bastia-en-el-departamento-vera\/","title":{"rendered":"Bast\u00eda en el departamento Vera"},"content":{"rendered":"\n<p><\/p>\n\n\n\n<p><strong><span class=\"has-inline-color has-vivid-red-color\">El diputado provincial Fabi\u00e1n Bast\u00eda visit\u00f3 tres distritos. &#8220;Analizamos la marcha de sus gestiones, necesidades  y temas pol\u00edticos en vistas a las pr\u00f3ximas elecciones&#8221;, declar\u00f3.<\/span><\/strong><\/p>\n\n\n\n<figure class=\"wp-block-image size-large\"><img loading=\"lazy\" width=\"900\" height=\"600\" src=\"http:\/\/www.revistarescatados.com.ar\/web\/wp-content\/uploads\/2021\/06\/Bastia-en-Vera.jpg\" alt=\"\" class=\"wp-image-14415\" srcset=\"https:\/\/www.revistarescatados.com.ar\/web\/wp-content\/uploads\/2021\/06\/Bastia-en-Vera.jpg 900w, https:\/\/www.revistarescatados.com.ar\/web\/wp-content\/uploads\/2021\/06\/Bastia-en-Vera-300x200.jpg 300w, https:\/\/www.revistarescatados.com.ar\/web\/wp-content\/uploads\/2021\/06\/Bastia-en-Vera-768x512.jpg 768w\" sizes=\"(max-width: 900px) 100vw, 900px\" \/><\/figure>\n\n\n\n<p>En GOLONDRINA fue recibido por el presidente comunal Aurelio Andreu. En tanto en LA GALLARETA, se reuni\u00f3 con el titular comunal Fernando Nicola.<\/p>\n\n\n\n<p>Al respecto, Fabi\u00e1n Bastia inform\u00f3: &#8220;Con ellos analizamos la marcha de sus gestiones, necesidades de ambos distritos, y temas pol\u00edticos en vistas a las pr\u00f3ximas elecciones&#8221;.<\/p>\n\n\n\n<p>Adem\u00e1s, el legislador particip\u00f3 en una reuni\u00f3n de trabajo con Sergio Enriquez, candidato a presidente comunal de INTIYACO, quien estuvo acompa\u00f1ado por integrantes de su equipo.<\/p>\n","protected":false},"excerpt":{"rendered":"<p>El diputado provincial Fabi\u00e1n Bast\u00eda visit\u00f3 tres distritos. &#8220;Analizamos la marcha de sus gestiones, necesidades y temas pol\u00edticos en vistas a las pr\u00f3ximas elecciones&#8221;, declar\u00f3. En GOLONDRINA fue recibido por el presidente&#46;&#46;&#46;<\/p>\n","protected":false},"author":1,"featured_media":14426,"comment_status":"closed","ping_status":"closed","sticky":false,"template":"","format":"standard","meta":[],"categories":[3,16,13,14],"tags":[],"_links":{"self":[{"href":"https:\/\/www.revistarescatados.com.ar\/web\/wp-json\/wp\/v2\/posts\/14414"}],"collection":[{"href":"https:\/\/www.revistarescatados.com.ar\/web\/wp-json\/wp\/v2\/posts"}],"about":[{"href":"https:\/\/www.revistarescatados.com.ar\/web\/wp-json\/wp\/v2\/types\/post"}],"author":[{"embeddable":true,"href":"https:\/\/www.revistarescatados.com.ar\/web\/wp-json\/wp\/v2\/users\/1"}],"replies":[{"embeddable":true,"href":"https:\/\/www.revistarescatados.com.ar\/web\/wp-json\/wp\/v2\/comments?post=14414"}],"version-history":[{"count":1,"href":"https:\/\/www.revistarescatados.com.ar\/web\/wp-json\/wp\/v2\/posts\/14414\/revisions"}],"predecessor-version":[{"id":14416,"href":"https:\/\/www.revistarescatados.com.ar\/web\/wp-json\/wp\/v2\/posts\/14414\/revisions\/14416"}],"wp:featuredmedia":[{"embeddable":true,"href":"https:\/\/www.revistarescatados.com.ar\/web\/wp-json\/wp\/v2\/media\/14426"}],"wp:attachment":[{"href":"https:\/\/www.revistarescatados.com.ar\/web\/wp-json\/wp\/v2\/media?parent=14414"}],"wp:term":[{"taxonomy":"category","embeddable":true,"href":"https:\/\/www.revistarescatados.com.ar\/web\/wp-json\/wp\/v2\/categories?post=14414"},{"taxonomy":"post_tag","embeddable":true,"href":"https:\/\/www.revistarescatados.com.ar\/web\/wp-json\/wp\/v2\/tags?post=14414"}],"curies":[{"name":"wp","href":"https:\/\/api.w.org\/{rel}","templated":true}]}}