{"id":14417,"date":"2021-06-28T15:09:41","date_gmt":"2021-06-28T18:09:41","guid":{"rendered":"http:\/\/www.revistarescatados.com.ar\/web\/?p=14417"},"modified":"2021-06-28T15:30:16","modified_gmt":"2021-06-28T18:30:16","slug":"aprueban-exenciones-impositivas-a-industrias-empresas-y-pymes-santafesinas","status":"publish","type":"post","link":"https:\/\/www.revistarescatados.com.ar\/web\/2021\/06\/28\/aprueban-exenciones-impositivas-a-industrias-empresas-y-pymes-santafesinas\/","title":{"rendered":"Aprueban exenciones impositivas a industrias, empresas y Pymes santafesinas"},"content":{"rendered":"\n<figure class=\"wp-block-image size-large\"><img loading=\"lazy\" width=\"876\" height=\"846\" src=\"http:\/\/www.revistarescatados.com.ar\/web\/wp-content\/uploads\/2021\/06\/Bastia-en-la-camara.jpg\" alt=\"\" class=\"wp-image-14418\" srcset=\"https:\/\/www.revistarescatados.com.ar\/web\/wp-content\/uploads\/2021\/06\/Bastia-en-la-camara.jpg 876w, https:\/\/www.revistarescatados.com.ar\/web\/wp-content\/uploads\/2021\/06\/Bastia-en-la-camara-300x290.jpg 300w, https:\/\/www.revistarescatados.com.ar\/web\/wp-content\/uploads\/2021\/06\/Bastia-en-la-camara-768x742.jpg 768w\" sizes=\"(max-width: 876px) 100vw, 876px\" \/><\/figure>\n\n\n\n<p>&#8220;La C\u00e1mara de Diputados aprob\u00f3 la ley de exenciones impositivas a industrias, empresas y Pymes&#8221;<\/p>\n\n\n\n<p>Dicha exenci\u00f3n incluye a estos sectores productivos, afectados por la pandemia. Al respecto, el diputado Fabi\u00e1n Bastia -coautor del proyecto- indic\u00f3 que &#8220;apuntamos a atenuar las secuelas econ\u00f3micas negativas, que especialmente en ese sector, ocasiona la prolongada pandemia&#8221;.<\/p>\n\n\n\n<p>En tal sentido, Bastia detall\u00f3 que se trata de &#8220;la pr\u00f3rroga del beneficio de exenci\u00f3n de impuestos vencidos en marzo: ingresos brutos, r\u00e9gimen simplificado, e impuesto inmobiliario.&#8221;&nbsp;<\/p>\n","protected":false},"excerpt":{"rendered":"<p>&#8220;La C\u00e1mara de Diputados aprob\u00f3 la ley de exenciones impositivas a industrias, empresas y Pymes&#8221; Dicha exenci\u00f3n incluye a estos sectores productivos, afectados por la pandemia. Al respecto, el diputado Fabi\u00e1n Bastia&#46;&#46;&#46;<\/p>\n","protected":false},"author":1,"featured_media":14425,"comment_status":"closed","ping_status":"closed","sticky":false,"template":"","format":"standard","meta":[],"categories":[16,10,12],"tags":[],"_links":{"self":[{"href":"https:\/\/www.revistarescatados.com.ar\/web\/wp-json\/wp\/v2\/posts\/14417"}],"collection":[{"href":"https:\/\/www.revistarescatados.com.ar\/web\/wp-json\/wp\/v2\/posts"}],"about":[{"href":"https:\/\/www.revistarescatados.com.ar\/web\/wp-json\/wp\/v2\/types\/post"}],"author":[{"embeddable":true,"href":"https:\/\/www.revistarescatados.com.ar\/web\/wp-json\/wp\/v2\/users\/1"}],"replies":[{"embeddable":true,"href":"https:\/\/www.revistarescatados.com.ar\/web\/wp-json\/wp\/v2\/comments?post=14417"}],"version-history":[{"count":1,"href":"https:\/\/www.revistarescatados.com.ar\/web\/wp-json\/wp\/v2\/posts\/14417\/revisions"}],"predecessor-version":[{"id":14419,"href":"https:\/\/www.revistarescatados.com.ar\/web\/wp-json\/wp\/v2\/posts\/14417\/revisions\/14419"}],"wp:featuredmedia":[{"embeddable":true,"href":"https:\/\/www.revistarescatados.com.ar\/web\/wp-json\/wp\/v2\/media\/14425"}],"wp:attachment":[{"href":"https:\/\/www.revistarescatados.com.ar\/web\/wp-json\/wp\/v2\/media?parent=14417"}],"wp:term":[{"taxonomy":"category","embeddable":true,"href":"https:\/\/www.revistarescatados.com.ar\/web\/wp-json\/wp\/v2\/categories?post=14417"},{"taxonomy":"post_tag","embeddable":true,"href":"https:\/\/www.revistarescatados.com.ar\/web\/wp-json\/wp\/v2\/tags?post=14417"}],"curies":[{"name":"wp","href":"https:\/\/api.w.org\/{rel}","templated":true}]}}