{"id":14449,"date":"2021-06-30T00:20:28","date_gmt":"2021-06-30T03:20:28","guid":{"rendered":"http:\/\/www.revistarescatados.com.ar\/web\/?p=14449"},"modified":"2021-06-30T00:21:28","modified_gmt":"2021-06-30T03:21:28","slug":"continua-abierta-la-inscripcion-al-programa-santa-fe-capacita-en-oficios-artisticos","status":"publish","type":"post","link":"https:\/\/www.revistarescatados.com.ar\/web\/2021\/06\/30\/continua-abierta-la-inscripcion-al-programa-santa-fe-capacita-en-oficios-artisticos\/","title":{"rendered":"Contin\u00faa abierta la inscripci\u00f3n al programa Santa Fe Capacita en Oficios Art\u00edsticos"},"content":{"rendered":"\n<p><strong><span class=\"has-inline-color has-vivid-red-color\">En una entrevista con el programa Rescatados TeVe, los coordinadores del Area Cultural de Calchaqu\u00ed- Antonela Beltramino, Georgina Grismado y Aldo Mothier &#8211; hicieron un balance de las actividades e informaron sobre los programas culturales propuestos desde el Ministerio de Cultura Provincial.<\/span><\/strong><\/p>\n\n\n\n<figure class=\"wp-block-image size-large\"><img loading=\"lazy\" width=\"1024\" height=\"576\" src=\"http:\/\/www.revistarescatados.com.ar\/web\/wp-content\/uploads\/2021\/06\/Entrevista-1-1024x576.jpg\" alt=\"\" class=\"wp-image-14450\" srcset=\"https:\/\/www.revistarescatados.com.ar\/web\/wp-content\/uploads\/2021\/06\/Entrevista-1-1024x576.jpg 1024w, https:\/\/www.revistarescatados.com.ar\/web\/wp-content\/uploads\/2021\/06\/Entrevista-1-300x169.jpg 300w, https:\/\/www.revistarescatados.com.ar\/web\/wp-content\/uploads\/2021\/06\/Entrevista-1-768x432.jpg 768w, https:\/\/www.revistarescatados.com.ar\/web\/wp-content\/uploads\/2021\/06\/Entrevista-1.jpg 1280w\" sizes=\"(max-width: 1024px) 100vw, 1024px\" \/><\/figure>\n\n\n\n<p>VIDEO DE LA ENTREVISTA: <a href=\"https:\/\/www.facebook.com\/711091835693490\/videos\/1149016395596884\" target=\"_blank\" rel=\"noreferrer noopener\"><strong>https:\/\/www.facebook.com\/711091835693490\/videos\/1149016395596884<\/strong><\/a><\/p>\n\n\n\n<p><strong><span class=\"has-inline-color has-vivid-red-color\">Santa Fe Capacita en Oficios Art\u00edsticos<\/span><\/strong><\/p>\n\n\n\n<p>Organizada en conjunto por el Ministerio de Trabajo, Empleo y Seguridad Social y el Ministerio de Cultura, la iniciativa busca impulsar capacitaciones vinculadas a la producci\u00f3n cultural. La convocatoria estar\u00e1 abierta hasta el 15 de julio de este a\u00f1o.<\/p>\n\n\n\n<p>Ambos ministerios invitan a inscribirse para participar de \u201cSanta Fe Capacita en Oficios Art\u00edsticos\u201d, una iniciativa que busca brindar capacitaciones y formaci\u00f3n en oficios vinculados a la producci\u00f3n cultural y art\u00edstica, impulsando la inserci\u00f3n y la estabilidad en el mundo del trabajo cultural en el territorio santafesino.<br>Hasta el 15 de julio se recepcionar\u00e1n proyectos para el dictado de cursos de capacitaci\u00f3n en lenguajes art\u00edsticos y tecnolog\u00edas aplicables a la producci\u00f3n cultural y la educaci\u00f3n art\u00edstica, por parte de organizaciones p\u00fablicas o privadas tales como municipios, comunas, sindicatos, cooperativas, asociaciones civiles y espacios culturales con personer\u00eda jur\u00eddica.<\/p>\n\n\n\n<p>Se financiar\u00e1n 20 proyectos en total para la realizaci\u00f3n de capacitaciones virtuales, presenciales o bimodales en oficios culturales u otros lenguajes art\u00edsticos que estimulen el desarrollo regional de las industrias creativas provinciales y promuevan el desarrollo laboral en este rubro. Cada proyecto contar\u00e1 con hasta 300 mil pesos de financiaci\u00f3n.<\/p>\n\n\n\n<figure class=\"wp-block-embed is-type-rich is-provider-gestor-del-servicio\"><div class=\"wp-block-embed__wrapper\">\n<div style=\"width: 640px;\" class=\"wp-video\"><!--[if lt IE 9]><script>document.createElement('video');<\/script><![endif]-->\n<video class=\"wp-video-shortcode\" id=\"video-14449-1\" width=\"640\" height=\"360\" preload=\"metadata\" controls=\"controls\"><source type=\"video\/mp4\" src=\"https:\/\/www.santafe.gob.ar\/noticias\/recursos\/videosHD\/2021\/06\/2021-06-29NID_271441O_1.mp4?_=1\" \/><a href=\"https:\/\/www.santafe.gob.ar\/noticias\/recursos\/videosHD\/2021\/06\/2021-06-29NID_271441O_1.mp4\">https:\/\/www.santafe.gob.ar\/noticias\/recursos\/videosHD\/2021\/06\/2021-06-29NID_271441O_1.mp4<\/a><\/video><\/div>\n<\/div><\/figure>\n\n\n\n<p>Las capacitaciones estar\u00e1n destinadas a mayores de 16 a\u00f1os con residencia en la provincia de Santa Fe interesadas en capacitarse en oficios vinculados a la producci\u00f3n cultural (emprendedores\/as, artistas, comunicadores\/as, sonidistas, iluminadores\/as, t\u00e9cnicos\/as, productores\/as, trabajadores\/as y gestores\/as culturales, entre otros\/as).<\/p>\n\n\n\n<p>En los \u00faltimos a\u00f1os las industrias creativas en la provincia de Santa Fe devinieron uno de los sectores con mayor dinamismo en el ecosistema social. La tasa de crecimiento del sector cultural es mayor a la tasa de la econom\u00eda en su conjunto (el VAB cultural creci\u00f3 un 75%).<\/p>\n\n\n\n<p>La producci\u00f3n y gesti\u00f3n cultural, en sus m\u00faltiples formas, se han convertido en \u00e1mbitos laborales y profesionales de gran circulaci\u00f3n que contribuyen significativamente en la generaci\u00f3n de empleo. As\u00ed, el Estado se erige como actor central en la generaci\u00f3n, impulso, difusi\u00f3n y ampliaci\u00f3n del campo cultural a trav\u00e9s de la pol\u00edtica p\u00fablica en pos del desarrollo productivo regional.<\/p>\n\n\n\n<p>En ese sentido, el programa \u201cSanta Fe Capacita en Oficios Art\u00edsticos\u201d busca contribuir en la inserci\u00f3n laboral de docentes, productores\/as y gestores\/as culturales, generando un impulso para la creaci\u00f3n e innovaci\u00f3n art\u00edstica.<\/p>\n\n\n\n<p>Para m\u00e1s informaci\u00f3n ingres\u00e1 a <strong><a href=\"https:\/\/www.industriascreativas.gob.ar\/\" target=\"_blank\" rel=\"noreferrer noopener\">www.industriascreativas.gob.ar<\/a><\/strong><\/p>\n","protected":false},"excerpt":{"rendered":"<p>En una entrevista con el programa Rescatados TeVe, los coordinadores del Area Cultural de Calchaqu\u00ed- Antonela Beltramino, Georgina Grismado y Aldo Mothier &#8211; hicieron un balance de las actividades e informaron sobre&#46;&#46;&#46;<\/p>\n","protected":false},"author":1,"featured_media":14450,"comment_status":"closed","ping_status":"closed","sticky":false,"template":"","format":"standard","meta":[],"categories":[2,7,3,16],"tags":[],"_links":{"self":[{"href":"https:\/\/www.revistarescatados.com.ar\/web\/wp-json\/wp\/v2\/posts\/14449"}],"collection":[{"href":"https:\/\/www.revistarescatados.com.ar\/web\/wp-json\/wp\/v2\/posts"}],"about":[{"href":"https:\/\/www.revistarescatados.com.ar\/web\/wp-json\/wp\/v2\/types\/post"}],"author":[{"embeddable":true,"href":"https:\/\/www.revistarescatados.com.ar\/web\/wp-json\/wp\/v2\/users\/1"}],"replies":[{"embeddable":true,"href":"https:\/\/www.revistarescatados.com.ar\/web\/wp-json\/wp\/v2\/comments?post=14449"}],"version-history":[{"count":2,"href":"https:\/\/www.revistarescatados.com.ar\/web\/wp-json\/wp\/v2\/posts\/14449\/revisions"}],"predecessor-version":[{"id":14452,"href":"https:\/\/www.revistarescatados.com.ar\/web\/wp-json\/wp\/v2\/posts\/14449\/revisions\/14452"}],"wp:featuredmedia":[{"embeddable":true,"href":"https:\/\/www.revistarescatados.com.ar\/web\/wp-json\/wp\/v2\/media\/14450"}],"wp:attachment":[{"href":"https:\/\/www.revistarescatados.com.ar\/web\/wp-json\/wp\/v2\/media?parent=14449"}],"wp:term":[{"taxonomy":"category","embeddable":true,"href":"https:\/\/www.revistarescatados.com.ar\/web\/wp-json\/wp\/v2\/categories?post=14449"},{"taxonomy":"post_tag","embeddable":true,"href":"https:\/\/www.revistarescatados.com.ar\/web\/wp-json\/wp\/v2\/tags?post=14449"}],"curies":[{"name":"wp","href":"https:\/\/api.w.org\/{rel}","templated":true}]}}