{"id":1446,"date":"2018-08-06T15:09:47","date_gmt":"2018-08-06T18:09:47","guid":{"rendered":"http:\/\/www.revistarescatados.com.ar\/web\/?p=1446"},"modified":"2018-08-06T15:09:47","modified_gmt":"2018-08-06T18:09:47","slug":"encapuchados-robaron-a-una-familia-de-calchaqui","status":"publish","type":"post","link":"https:\/\/www.revistarescatados.com.ar\/web\/2018\/08\/06\/encapuchados-robaron-a-una-familia-de-calchaqui\/","title":{"rendered":"Encapuchados robaron a una familia de Calchaqu\u00ed"},"content":{"rendered":"<p><img loading=\"lazy\" class=\"aligncenter size-full wp-image-1447\" src=\"http:\/\/www.revistarescatados.com.ar\/web\/wp-content\/uploads\/2018\/08\/Casa-robada.jpg\" alt=\"\" width=\"960\" height=\"720\" srcset=\"https:\/\/www.revistarescatados.com.ar\/web\/wp-content\/uploads\/2018\/08\/Casa-robada.jpg 960w, https:\/\/www.revistarescatados.com.ar\/web\/wp-content\/uploads\/2018\/08\/Casa-robada-300x225.jpg 300w, https:\/\/www.revistarescatados.com.ar\/web\/wp-content\/uploads\/2018\/08\/Casa-robada-768x576.jpg 768w\" sizes=\"(max-width: 960px) 100vw, 960px\" \/><\/p>\n<p><span style=\"color: #0000ff;\"><strong>El atraco ocurri\u00f3 el viernes por la noche, en una vivienda ubicada sobre ruta 11 frente a la estaci\u00f3n YPF. A punta de cuchillo y con armas de fuego se llevaron dinero en efectivo, armas de colecci\u00f3n y municiones. La v\u00edctima cont\u00f3 la horrible experiencia vivida.<\/strong><\/span><\/p>\n<p>Seg\u00fan relat\u00f3 Agust\u00edn Rodrigo, propietario del Museo que funciona en la misma casa, fueron dos los maleantes que armados con pistola y cuchillo lo redujeron a \u00e9l y a su esposa, para luego robarles dinero.<\/p>\n<p>El hombre relat\u00f3 que fue \u201cuna experiencia horrible que nos ocurri\u00f3 anoche cerca de la 11 de la noche en que entraron dos j\u00f3venes ladrones encapuchados armados, pienso que con dos rev\u00f3lveres y dos cuchillos cada uno, entraron y en la habitaci\u00f3n de los peque\u00f1os estaba mi esposa Lorena con ellos que gracias a Dios estaban ya dormidos\u201d.<\/p>\n<p>Rodrigo dijo que desde \u201call\u00ed se dirigieron a nuestra habitaci\u00f3n y yo estaba entre dormido y uno me puso un cuchillo en la garganta, y Lorena que es muy valiente luchaba con uno de ellos arriba de una mesa de desayunar\u201d.<\/p>\n<p>\u201cEn el dormitorio hab\u00eda un 38 Colt cromado descargado y empezaron a revolver todos los cajones de un placar bajo una de las ventana de poca altura donde hab\u00eda botellas de caf\u00e9 llenas de vainas servidas que como en una \u00e9poca yo tiraba mucho \u2013 dado que estuve en el Tiro Federal m\u00e1s de 30 a\u00f1os, 15 primero como tesorero y los \u00faltimos 15 a\u00f1os como presidente hasta que lo dimos de baja dado que ya no concurr\u00eda nadie a practicar \u2013 y las ten\u00eda para recargar, eran vainas de M\u00e1user y de 45 las pusieron en un jogging m\u00edo y el que ten\u00eda el cuchillo en mi cuello me ped\u00eda plata\u201d.<\/p>\n<p>Cont\u00f3 que \u201cle expliqu\u00e9 que era jubilado y que no hab\u00eda cobrado todav\u00eda y se llevaron un fajo de unos 1.600 pesos todos de 100 gracias a Dios\u201d.<\/p>\n<p>El padre de familia destac\u00f3 que \u201d Lorena se dio cuenta que estaban dispuestos a todo ya que uno le dijo soltara el cuchillo que ella lo ten\u00eda agarrado por la hoja y el por el mango, como se vieron mal por la resistencia de ella le dijo que me iban apu\u00f1alar a mi; ah\u00ed ella afloj\u00f3 la resistencia y le pusieron precintos. No sab\u00edan como se colocaban y Lorena les indic\u00f3, luego siguieron revisando, tiraron todo al suelo, pusieron todas las vainas viejas en un jogging, se llevaron los celulares de ella y el m\u00edo, y se fueron\u201d.<\/p>\n<p>\u201cLlamamos a la polic\u00eda que vino muy r\u00e1pido y como vino Leandro (un familiar) le cort\u00f3 los precintos, llego luego la Divisi\u00f3n Cient\u00edfica que realiz\u00f3 un trabajo de rutina para estos casos, la cuesti\u00f3n que fue una experiencia horrible\u201d, finaliz\u00f3.<\/p>\n","protected":false},"excerpt":{"rendered":"<p>El atraco ocurri\u00f3 el viernes por la noche, en una vivienda ubicada sobre ruta 11 frente a la estaci\u00f3n YPF. A punta de cuchillo y con armas de fuego se llevaron dinero&#46;&#46;&#46;<\/p>\n","protected":false},"author":1,"featured_media":1447,"comment_status":"closed","ping_status":"open","sticky":false,"template":"","format":"standard","meta":[],"categories":[2,3,11],"tags":[],"_links":{"self":[{"href":"https:\/\/www.revistarescatados.com.ar\/web\/wp-json\/wp\/v2\/posts\/1446"}],"collection":[{"href":"https:\/\/www.revistarescatados.com.ar\/web\/wp-json\/wp\/v2\/posts"}],"about":[{"href":"https:\/\/www.revistarescatados.com.ar\/web\/wp-json\/wp\/v2\/types\/post"}],"author":[{"embeddable":true,"href":"https:\/\/www.revistarescatados.com.ar\/web\/wp-json\/wp\/v2\/users\/1"}],"replies":[{"embeddable":true,"href":"https:\/\/www.revistarescatados.com.ar\/web\/wp-json\/wp\/v2\/comments?post=1446"}],"version-history":[{"count":1,"href":"https:\/\/www.revistarescatados.com.ar\/web\/wp-json\/wp\/v2\/posts\/1446\/revisions"}],"predecessor-version":[{"id":1448,"href":"https:\/\/www.revistarescatados.com.ar\/web\/wp-json\/wp\/v2\/posts\/1446\/revisions\/1448"}],"wp:featuredmedia":[{"embeddable":true,"href":"https:\/\/www.revistarescatados.com.ar\/web\/wp-json\/wp\/v2\/media\/1447"}],"wp:attachment":[{"href":"https:\/\/www.revistarescatados.com.ar\/web\/wp-json\/wp\/v2\/media?parent=1446"}],"wp:term":[{"taxonomy":"category","embeddable":true,"href":"https:\/\/www.revistarescatados.com.ar\/web\/wp-json\/wp\/v2\/categories?post=1446"},{"taxonomy":"post_tag","embeddable":true,"href":"https:\/\/www.revistarescatados.com.ar\/web\/wp-json\/wp\/v2\/tags?post=1446"}],"curies":[{"name":"wp","href":"https:\/\/api.w.org\/{rel}","templated":true}]}}