{"id":14469,"date":"2021-06-30T22:27:56","date_gmt":"2021-07-01T01:27:56","guid":{"rendered":"http:\/\/www.revistarescatados.com.ar\/web\/?p=14469"},"modified":"2021-06-30T22:28:06","modified_gmt":"2021-07-01T01:28:06","slug":"amfestram-dono-insumos-y-equipamiento-al-hospital-de-calchaqui","status":"publish","type":"post","link":"https:\/\/www.revistarescatados.com.ar\/web\/2021\/06\/30\/amfestram-dono-insumos-y-equipamiento-al-hospital-de-calchaqui\/","title":{"rendered":"AMFESTRAM don\u00f3 insumos y equipamiento al hospital de Calchaqu\u00ed"},"content":{"rendered":"\n<p><strong><span class=\"has-inline-color has-vivid-red-color\">A trav\u00e9s de una solicitud de ASOEM Calchaqu\u00ed, la Mutual de Trabajadores municipales de la provincia realiz\u00f3 la donaci\u00f3n de insumos y equipamiento medico para el SAMCO de la ciudad de Calchaqu\u00ed por m\u00e1s de 28 mil pesos.<\/span><\/strong><\/p>\n\n\n\n<figure class=\"wp-block-image size-large\"><img loading=\"lazy\" width=\"1024\" height=\"490\" src=\"http:\/\/www.revistarescatados.com.ar\/web\/wp-content\/uploads\/2021\/06\/DONACION-AMFESTRAM-1024x490.png\" alt=\"\" class=\"wp-image-14470\" srcset=\"https:\/\/www.revistarescatados.com.ar\/web\/wp-content\/uploads\/2021\/06\/DONACION-AMFESTRAM-1024x490.png 1024w, https:\/\/www.revistarescatados.com.ar\/web\/wp-content\/uploads\/2021\/06\/DONACION-AMFESTRAM-300x144.png 300w, https:\/\/www.revistarescatados.com.ar\/web\/wp-content\/uploads\/2021\/06\/DONACION-AMFESTRAM-768x367.png 768w, https:\/\/www.revistarescatados.com.ar\/web\/wp-content\/uploads\/2021\/06\/DONACION-AMFESTRAM-1536x735.png 1536w, https:\/\/www.revistarescatados.com.ar\/web\/wp-content\/uploads\/2021\/06\/DONACION-AMFESTRAM-2048x980.png 2048w\" sizes=\"(max-width: 1024px) 100vw, 1024px\" \/><\/figure>\n\n\n\n<p>El pasado 26 de julio, el secretario general de la Asociaci\u00f3n de Empleados Municipales de Calchaqu\u00ed &#8211; Marcelo Vanney &#8211; hizo entrega de la donaci\u00f3n gestionada ante la Asociaci\u00f3n Mutual Federal y Social de los Trabajadores Municipales de la provincia de Santa Fe\u00a0(AMFESTRAM). Los insumos y equipamientos fueron recibidos por las m\u00e9dicas Mar\u00eda Florencia Balparda y Victoria Garavaglia en el efector p\u00fablico de Calchaqu\u00ed.<\/p>\n\n\n\n<p>En la oportunidad, se hizo entrega de un tensi\u00f3metro aneroide con estetoscopio, un term\u00f3metro digital flexible, kits de m\u00e1scaras para nebulizar destinadas a ni\u00f1os y adultos, aspirador manual, otoscopio HS-OT10J Coronet y dos ox\u00edmetros de pulso Accurate sin curva. Lo que signific\u00f3 una inversi\u00f3n de $28.309.<\/p>\n","protected":false},"excerpt":{"rendered":"<p>A trav\u00e9s de una solicitud de ASOEM Calchaqu\u00ed, la Mutual de Trabajadores municipales de la provincia realiz\u00f3 la donaci\u00f3n de insumos y equipamiento medico para el SAMCO de la ciudad de Calchaqu\u00ed&#46;&#46;&#46;<\/p>\n","protected":false},"author":1,"featured_media":14470,"comment_status":"closed","ping_status":"closed","sticky":false,"template":"","format":"standard","meta":[],"categories":[2,3,16,10,9],"tags":[],"_links":{"self":[{"href":"https:\/\/www.revistarescatados.com.ar\/web\/wp-json\/wp\/v2\/posts\/14469"}],"collection":[{"href":"https:\/\/www.revistarescatados.com.ar\/web\/wp-json\/wp\/v2\/posts"}],"about":[{"href":"https:\/\/www.revistarescatados.com.ar\/web\/wp-json\/wp\/v2\/types\/post"}],"author":[{"embeddable":true,"href":"https:\/\/www.revistarescatados.com.ar\/web\/wp-json\/wp\/v2\/users\/1"}],"replies":[{"embeddable":true,"href":"https:\/\/www.revistarescatados.com.ar\/web\/wp-json\/wp\/v2\/comments?post=14469"}],"version-history":[{"count":1,"href":"https:\/\/www.revistarescatados.com.ar\/web\/wp-json\/wp\/v2\/posts\/14469\/revisions"}],"predecessor-version":[{"id":14471,"href":"https:\/\/www.revistarescatados.com.ar\/web\/wp-json\/wp\/v2\/posts\/14469\/revisions\/14471"}],"wp:featuredmedia":[{"embeddable":true,"href":"https:\/\/www.revistarescatados.com.ar\/web\/wp-json\/wp\/v2\/media\/14470"}],"wp:attachment":[{"href":"https:\/\/www.revistarescatados.com.ar\/web\/wp-json\/wp\/v2\/media?parent=14469"}],"wp:term":[{"taxonomy":"category","embeddable":true,"href":"https:\/\/www.revistarescatados.com.ar\/web\/wp-json\/wp\/v2\/categories?post=14469"},{"taxonomy":"post_tag","embeddable":true,"href":"https:\/\/www.revistarescatados.com.ar\/web\/wp-json\/wp\/v2\/tags?post=14469"}],"curies":[{"name":"wp","href":"https:\/\/api.w.org\/{rel}","templated":true}]}}