{"id":14482,"date":"2021-07-02T01:21:55","date_gmt":"2021-07-02T04:21:55","guid":{"rendered":"http:\/\/www.revistarescatados.com.ar\/web\/?p=14482"},"modified":"2021-07-02T01:22:06","modified_gmt":"2021-07-02T04:22:06","slug":"esta-semana-habilitaron-la-pesca-recreativa-y-deportiva-en-santa-fe","status":"publish","type":"post","link":"https:\/\/www.revistarescatados.com.ar\/web\/2021\/07\/02\/esta-semana-habilitaron-la-pesca-recreativa-y-deportiva-en-santa-fe\/","title":{"rendered":"Esta semana habilitaron la pesca recreativa y deportiva en Santa Fe"},"content":{"rendered":"\n<p><strong><span class=\"has-inline-color has-vivid-red-color\">La medida rige en todo el territorio provincial se extiende hasta el 9 de julio inclusive, en la modalidad desde costa y embarcados ocupando la mitad de la capacidad del transporte, dentro del l\u00edmite del departamento donde se est\u00e1 domiciliado y respetando los horarios de circulaci\u00f3n.<\/span><\/strong><\/p>\n\n\n\n<figure class=\"wp-block-image size-large\"><img loading=\"lazy\" width=\"770\" height=\"433\" src=\"http:\/\/www.revistarescatados.com.ar\/web\/wp-content\/uploads\/2021\/07\/pescando.jpg\" alt=\"\" class=\"wp-image-14483\" srcset=\"https:\/\/www.revistarescatados.com.ar\/web\/wp-content\/uploads\/2021\/07\/pescando.jpg 770w, https:\/\/www.revistarescatados.com.ar\/web\/wp-content\/uploads\/2021\/07\/pescando-300x169.jpg 300w, https:\/\/www.revistarescatados.com.ar\/web\/wp-content\/uploads\/2021\/07\/pescando-768x432.jpg 768w\" sizes=\"(max-width: 770px) 100vw, 770px\" \/><\/figure>\n\n\n\n<p>Se autorizan las siguientes actividades:<\/p>\n\n\n\n<p>a) La pesca deportiva y recreativa en la modalidad desde costa y embarcados, ocupando en este \u00faltimo caso un m\u00e1ximo del 50% de la capacidad de transporte de personas habilitadas para la embarcaci\u00f3n, por las autoridades competentes, debiendo ser menor en caso que con dicho porcentaje no pueda garantizarse el debido distanciamiento social;<\/p>\n\n\n\n<p>b) Las actividades de guarder\u00edas n\u00e1uticas a los fines de retiro y dep\u00f3sito de las embarcaciones para el desarrollo de las actividades habilitadas por el presente;<\/p>\n\n\n\n<p>c) La navegaci\u00f3n recreativa o deportiva en cualquier tipo de embarcaci\u00f3n.<br>La navegaci\u00f3n para el transporte de pasajeros en ning\u00fan caso podr\u00e1 ser con el fin de realizar actividades recreativas, deportivas o reuniones sociales, pudiendo s\u00f3lo efectuarse para la concurrencia de personas a realizar actividades esenciales.<\/p>\n\n\n\n<p>La habilitaci\u00f3n de las actividades indicadas en los incisos precedentes est\u00e1 sujeta al cumplimiento de las reglas generales de conducta y de prevenci\u00f3n, y los protocolos oportunamente establecidos para las mismas, sin la realizaci\u00f3n de reuniones de personas antes o despu\u00e9s de las actividades.<\/p>\n\n\n\n<p>Las actividades habilitadas podr\u00e1n ser desarrolladas por las personas dentro del l\u00edmite del departamento donde tienen registrado su domicilio o lugar de residencia habitual.<\/p>\n\n\n\n<p>Estas actividades deber\u00e1n estar concluidas con la suficiente antelaci\u00f3n a los fines de que quienes participen de las mismas cumplan con la restricci\u00f3n a la circulaci\u00f3n vehicular dispuesta por el art 7 del decreto N\u00b0958 del 2021.<\/p>\n","protected":false},"excerpt":{"rendered":"<p>La medida rige en todo el territorio provincial se extiende hasta el 9 de julio inclusive, en la modalidad desde costa y embarcados ocupando la mitad de la capacidad del transporte, dentro&#46;&#46;&#46;<\/p>\n","protected":false},"author":1,"featured_media":14483,"comment_status":"closed","ping_status":"closed","sticky":false,"template":"","format":"standard","meta":[],"categories":[16,12,8],"tags":[],"_links":{"self":[{"href":"https:\/\/www.revistarescatados.com.ar\/web\/wp-json\/wp\/v2\/posts\/14482"}],"collection":[{"href":"https:\/\/www.revistarescatados.com.ar\/web\/wp-json\/wp\/v2\/posts"}],"about":[{"href":"https:\/\/www.revistarescatados.com.ar\/web\/wp-json\/wp\/v2\/types\/post"}],"author":[{"embeddable":true,"href":"https:\/\/www.revistarescatados.com.ar\/web\/wp-json\/wp\/v2\/users\/1"}],"replies":[{"embeddable":true,"href":"https:\/\/www.revistarescatados.com.ar\/web\/wp-json\/wp\/v2\/comments?post=14482"}],"version-history":[{"count":1,"href":"https:\/\/www.revistarescatados.com.ar\/web\/wp-json\/wp\/v2\/posts\/14482\/revisions"}],"predecessor-version":[{"id":14484,"href":"https:\/\/www.revistarescatados.com.ar\/web\/wp-json\/wp\/v2\/posts\/14482\/revisions\/14484"}],"wp:featuredmedia":[{"embeddable":true,"href":"https:\/\/www.revistarescatados.com.ar\/web\/wp-json\/wp\/v2\/media\/14483"}],"wp:attachment":[{"href":"https:\/\/www.revistarescatados.com.ar\/web\/wp-json\/wp\/v2\/media?parent=14482"}],"wp:term":[{"taxonomy":"category","embeddable":true,"href":"https:\/\/www.revistarescatados.com.ar\/web\/wp-json\/wp\/v2\/categories?post=14482"},{"taxonomy":"post_tag","embeddable":true,"href":"https:\/\/www.revistarescatados.com.ar\/web\/wp-json\/wp\/v2\/tags?post=14482"}],"curies":[{"name":"wp","href":"https:\/\/api.w.org\/{rel}","templated":true}]}}