{"id":1449,"date":"2018-08-06T15:26:12","date_gmt":"2018-08-06T18:26:12","guid":{"rendered":"http:\/\/www.revistarescatados.com.ar\/web\/?p=1449"},"modified":"2018-08-06T15:26:12","modified_gmt":"2018-08-06T18:26:12","slug":"las-caracteristicas-de-los-ladrones-encapuchados-de-calchaqui","status":"publish","type":"post","link":"https:\/\/www.revistarescatados.com.ar\/web\/2018\/08\/06\/las-caracteristicas-de-los-ladrones-encapuchados-de-calchaqui\/","title":{"rendered":"Las caracter\u00edsticas de los ladrones encapuchados de Calchaqu\u00ed"},"content":{"rendered":"<p><img loading=\"lazy\" class=\"aligncenter size-full wp-image-1450\" src=\"http:\/\/www.revistarescatados.com.ar\/web\/wp-content\/uploads\/2018\/08\/encapuchado-armado.jpg\" alt=\"\" width=\"565\" height=\"392\" srcset=\"https:\/\/www.revistarescatados.com.ar\/web\/wp-content\/uploads\/2018\/08\/encapuchado-armado.jpg 565w, https:\/\/www.revistarescatados.com.ar\/web\/wp-content\/uploads\/2018\/08\/encapuchado-armado-300x208.jpg 300w\" sizes=\"(max-width: 565px) 100vw, 565px\" \/><\/p>\n<p><span style=\"color: #0000ff;\"><strong>Los autores del robo a Rodrigo ser\u00edan dos j\u00f3venes, de baja estatura y delgados. Al momento del robo \u201cambos andaban de alpargata y pantal\u00f3n buzo deportivo\u201d. La polic\u00eda levant\u00f3 rastros de sangre, producto de la resistencia de la mujer due\u00f1a de casa, al accionar de un delincuente.<\/strong><\/span><\/p>\n<p>Seg\u00fan trascendi\u00f3 siendo las 23,45 hs., la polic\u00eda de Calchaqu\u00ed toma conocimiento del hecho por un llamado al 101.<\/p>\n<p>En el domicilio de Agust\u00edn Luis Rodrigo (75) , sobre ruta nacional 11, mientras dorm\u00eda ingresaron a su domicilio dos j\u00f3venes desconocidos: uno con un cuchillo y otro con un revolver y exigiendo dinero en efectivo.<\/p>\n<p>El joven que pose\u00eda el cuchillo forcejeo con su esposa Lorena Acosta (36) y resulto con lesiones el malviviente.<\/p>\n<p>Los delincuentes sustrajeron dos armas de fuego: un revolver 22 Tanfoglio nro. E34555 y revolver calibre 38 acci\u00f3n doble marca colt nro. 347229, vainas servidas de FAL y la suma de $ 1600 aproximadamente que ten\u00eda en la billetera.<\/p>\n<p>Las v\u00edctimas que resultaron ilesas, fueron atadas con precintos de pl\u00e1stico. Se convoc\u00f3 criminal\u00edstica para levantamiento de sangre.<\/p>\n<p>Fuente: Calchaqu\u00ed Noticias<\/p>\n","protected":false},"excerpt":{"rendered":"<p>Los autores del robo a Rodrigo ser\u00edan dos j\u00f3venes, de baja estatura y delgados. Al momento del robo \u201cambos andaban de alpargata y pantal\u00f3n buzo deportivo\u201d. La polic\u00eda levant\u00f3 rastros de sangre,&#46;&#46;&#46;<\/p>\n","protected":false},"author":1,"featured_media":1450,"comment_status":"closed","ping_status":"open","sticky":false,"template":"","format":"standard","meta":[],"categories":[2,3,11],"tags":[],"_links":{"self":[{"href":"https:\/\/www.revistarescatados.com.ar\/web\/wp-json\/wp\/v2\/posts\/1449"}],"collection":[{"href":"https:\/\/www.revistarescatados.com.ar\/web\/wp-json\/wp\/v2\/posts"}],"about":[{"href":"https:\/\/www.revistarescatados.com.ar\/web\/wp-json\/wp\/v2\/types\/post"}],"author":[{"embeddable":true,"href":"https:\/\/www.revistarescatados.com.ar\/web\/wp-json\/wp\/v2\/users\/1"}],"replies":[{"embeddable":true,"href":"https:\/\/www.revistarescatados.com.ar\/web\/wp-json\/wp\/v2\/comments?post=1449"}],"version-history":[{"count":1,"href":"https:\/\/www.revistarescatados.com.ar\/web\/wp-json\/wp\/v2\/posts\/1449\/revisions"}],"predecessor-version":[{"id":1451,"href":"https:\/\/www.revistarescatados.com.ar\/web\/wp-json\/wp\/v2\/posts\/1449\/revisions\/1451"}],"wp:featuredmedia":[{"embeddable":true,"href":"https:\/\/www.revistarescatados.com.ar\/web\/wp-json\/wp\/v2\/media\/1450"}],"wp:attachment":[{"href":"https:\/\/www.revistarescatados.com.ar\/web\/wp-json\/wp\/v2\/media?parent=1449"}],"wp:term":[{"taxonomy":"category","embeddable":true,"href":"https:\/\/www.revistarescatados.com.ar\/web\/wp-json\/wp\/v2\/categories?post=1449"},{"taxonomy":"post_tag","embeddable":true,"href":"https:\/\/www.revistarescatados.com.ar\/web\/wp-json\/wp\/v2\/tags?post=1449"}],"curies":[{"name":"wp","href":"https:\/\/api.w.org\/{rel}","templated":true}]}}