{"id":1452,"date":"2018-08-06T22:19:30","date_gmt":"2018-08-07T01:19:30","guid":{"rendered":"http:\/\/www.revistarescatados.com.ar\/web\/?p=1452"},"modified":"2018-08-06T22:19:30","modified_gmt":"2018-08-07T01:19:30","slug":"municipales-paran-24-horas-este-miercoles-y-profundizan-el-plan-de-lucha","status":"publish","type":"post","link":"https:\/\/www.revistarescatados.com.ar\/web\/2018\/08\/06\/municipales-paran-24-horas-este-miercoles-y-profundizan-el-plan-de-lucha\/","title":{"rendered":"Municipales paran 24 horas este mi\u00e9rcoles y profundizan el Plan de Lucha"},"content":{"rendered":"<p><img loading=\"lazy\" class=\"aligncenter size-full wp-image-1453\" src=\"http:\/\/www.revistarescatados.com.ar\/web\/wp-content\/uploads\/2018\/08\/Festram.jpg\" alt=\"\" width=\"1920\" height=\"1282\" srcset=\"https:\/\/www.revistarescatados.com.ar\/web\/wp-content\/uploads\/2018\/08\/Festram.jpg 1920w, https:\/\/www.revistarescatados.com.ar\/web\/wp-content\/uploads\/2018\/08\/Festram-300x200.jpg 300w, https:\/\/www.revistarescatados.com.ar\/web\/wp-content\/uploads\/2018\/08\/Festram-768x513.jpg 768w, https:\/\/www.revistarescatados.com.ar\/web\/wp-content\/uploads\/2018\/08\/Festram-1024x684.jpg 1024w\" sizes=\"(max-width: 1920px) 100vw, 1920px\" \/><\/p>\n<p><span style=\"color: #0000ff;\"><strong>El plenario de secretarios generales ratific\u00f3 el paro del 8 de agosto y dispuso otra medida de fuerza de 48 hs. para los d\u00edas 15 y 16 de este mes con manifestaciones en las rutas.<\/strong><\/span><\/p>\n<p><span style=\"color: #0000ff;\"><strong>ESTABILIDAD LABORAL<\/strong><\/span><\/p>\n<p>La decisi\u00f3n de ampliar a 48 horas las medidas de fuerza para la pr\u00f3xima semana -con protestas sobre las rutas de acceso a Fray Luis Beltr\u00e1n- se fundamenta en la defensa del derecho constitucional a la Estabilidad Laboral de las y los Trabajadores de Municipios y Comunas. El gremio exige la inmediata reincorporaci\u00f3n de los trabajadores de planta permanente despedidos arbitrariamente por el Intendente de esa ciudad y la plena vigencia del Estatuto Escalaf\u00f3n Ley 9286.<\/p>\n<p><span style=\"color: #0000ff;\"><strong>CUMPLIMIENTO DE LA LEY DE PARITARIAS<\/strong><\/span><\/p>\n<p>Asimismo, el Plenario de Secretarios Generales de FESTRAM, facult\u00f3 a los Sindicatos adheridos, cuyos Municipios y Comunas se nieguen a dar cumplimiento al acuerdo paritario, a adoptar las medidas de fuerza que estimen convenientes en reclamo del pago de los montos retroactivos que surgen del desfasaje inflacionario del mes de Mayo y la diferencia generada en el Sueldo Anual Complementario correspondiente a la actualizaci\u00f3n del mes de Junio.<\/p>\n<p><span style=\"color: #0000ff;\"><strong>EN DEFENSA DE LOS RECURSOS DE MUNICIPIOS Y COMUNAS<\/strong><\/span><\/p>\n<p>Las medidas de fuerza adoptadas para los d\u00edas 15 y 16 de agosto, incluyen la exigencia a los Intendentes y Presidentes Comunales para que defiendan los intereses de los pueblos y ciudades de la Provincia de Santa Fe.<\/p>\n<p>FESTRAM reclama a las autoridades municipales que demanden se ponga freno a los recortes de coparticipaci\u00f3n y se revea el Pacto Fiscal. Advierte a su vez, que las medidas anunciadas por el Gobierno Nacional -sobre el recorte presupuestario acordado con el Fondo Monetario Internacional- har\u00e1n inviable la sustentabilidad del sistema Municipal y Comunal Santafesino.<\/p>\n<p>El gremio que nuclea a los Trabajadores Municipales y Comunales de la Provincia expres\u00f3 que el avasallamiento a la estabilidad laboral y el incumplimiento de los compromisos salariales establecidos en paritarias, son medidas de ajuste provocadas por la falta de vocaci\u00f3n para defender los intereses del Estado Municipal en desmedro de los trabajadores y del conjunto de la poblaci\u00f3n.<\/p>\n<p>Desde FESTRAM reclaman que los Jefes Comunales impidan el saqueo de los recursos en lugar de pretender aplicar las medidas de ajuste sobre los trabajadores y los sectores m\u00e1s vulnerables de cada una de las localidades.<\/p>\n","protected":false},"excerpt":{"rendered":"<p>El plenario de secretarios generales ratific\u00f3 el paro del 8 de agosto y dispuso otra medida de fuerza de 48 hs. para los d\u00edas 15 y 16 de este mes con manifestaciones&#46;&#46;&#46;<\/p>\n","protected":false},"author":1,"featured_media":1453,"comment_status":"closed","ping_status":"open","sticky":false,"template":"","format":"standard","meta":[],"categories":[10,12,8],"tags":[],"_links":{"self":[{"href":"https:\/\/www.revistarescatados.com.ar\/web\/wp-json\/wp\/v2\/posts\/1452"}],"collection":[{"href":"https:\/\/www.revistarescatados.com.ar\/web\/wp-json\/wp\/v2\/posts"}],"about":[{"href":"https:\/\/www.revistarescatados.com.ar\/web\/wp-json\/wp\/v2\/types\/post"}],"author":[{"embeddable":true,"href":"https:\/\/www.revistarescatados.com.ar\/web\/wp-json\/wp\/v2\/users\/1"}],"replies":[{"embeddable":true,"href":"https:\/\/www.revistarescatados.com.ar\/web\/wp-json\/wp\/v2\/comments?post=1452"}],"version-history":[{"count":1,"href":"https:\/\/www.revistarescatados.com.ar\/web\/wp-json\/wp\/v2\/posts\/1452\/revisions"}],"predecessor-version":[{"id":1454,"href":"https:\/\/www.revistarescatados.com.ar\/web\/wp-json\/wp\/v2\/posts\/1452\/revisions\/1454"}],"wp:featuredmedia":[{"embeddable":true,"href":"https:\/\/www.revistarescatados.com.ar\/web\/wp-json\/wp\/v2\/media\/1453"}],"wp:attachment":[{"href":"https:\/\/www.revistarescatados.com.ar\/web\/wp-json\/wp\/v2\/media?parent=1452"}],"wp:term":[{"taxonomy":"category","embeddable":true,"href":"https:\/\/www.revistarescatados.com.ar\/web\/wp-json\/wp\/v2\/categories?post=1452"},{"taxonomy":"post_tag","embeddable":true,"href":"https:\/\/www.revistarescatados.com.ar\/web\/wp-json\/wp\/v2\/tags?post=1452"}],"curies":[{"name":"wp","href":"https:\/\/api.w.org\/{rel}","templated":true}]}}