{"id":14525,"date":"2021-07-05T18:36:44","date_gmt":"2021-07-05T21:36:44","guid":{"rendered":"http:\/\/www.revistarescatados.com.ar\/web\/?p=14525"},"modified":"2021-07-05T18:36:52","modified_gmt":"2021-07-05T21:36:52","slug":"todo-lo-que-hay-que-saber-sobre-el-segundo-remate-litoral","status":"publish","type":"post","link":"https:\/\/www.revistarescatados.com.ar\/web\/2021\/07\/05\/todo-lo-que-hay-que-saber-sobre-el-segundo-remate-litoral\/","title":{"rendered":"TODO LO QUE HAY QUE SABER SOBRE EL SEGUNDO REMATE LITORAL"},"content":{"rendered":"\n<p><\/p>\n\n\n\n<p><strong><span class=\"has-inline-color has-vivid-red-color\">Se transitan las horas previas a la realizaci\u00f3n del Segundo Remate Litoral, por eso es importante conocer detalles organizativos de este tan importante evento ganadero.<\/span><\/strong><\/p>\n\n\n\n<figure class=\"wp-block-image size-large\"><img loading=\"lazy\" width=\"1024\" height=\"740\" src=\"http:\/\/www.revistarescatados.com.ar\/web\/wp-content\/uploads\/2020\/07\/Remate-litoral-2-1024x740.jpg\" alt=\"\" class=\"wp-image-9889\" srcset=\"https:\/\/www.revistarescatados.com.ar\/web\/wp-content\/uploads\/2020\/07\/Remate-litoral-2-1024x740.jpg 1024w, https:\/\/www.revistarescatados.com.ar\/web\/wp-content\/uploads\/2020\/07\/Remate-litoral-2-300x217.jpg 300w, https:\/\/www.revistarescatados.com.ar\/web\/wp-content\/uploads\/2020\/07\/Remate-litoral-2-768x555.jpg 768w, https:\/\/www.revistarescatados.com.ar\/web\/wp-content\/uploads\/2020\/07\/Remate-litoral-2.jpg 1078w\" sizes=\"(max-width: 1024px) 100vw, 1024px\" \/><\/figure>\n\n\n\n<p> A continuaci\u00f3n les dejamos los principales puntos a tener en cuenta:<\/p>\n\n\n\n<p><strong><span class=\"has-inline-color has-vivid-red-color\">MI\u00c9RCOLES 7: VISITA DE CORRALES Y VIDRIERA COMERCIAL<\/span><\/strong><\/p>\n\n\n\n<p>Con la intenci\u00f3n de que la visita a los corrales se pueda dar de una manera m\u00e1s \u00e1gil, con el debido tiempo y distanciamiento social necesario es que se abrir\u00e1n las puertas del Segundo Remate Litoral el d\u00eda mi\u00e9rcoles 7 de 15 a 18 horas. <\/p>\n\n\n\n<p>En la oportunidad, quienes as\u00ed lo deseen podr\u00e1n tomar contacto con los asesores comerciales, M\u00e9dicos Veterinarios de las Caba\u00f1as presentes, como dijimos visitar los corrales y recorrer la Vidriera Comercial que estar\u00e1 dispuesta en el predio. <\/p>\n\n\n\n<p>En relaci\u00f3n a la Vidriera Comercial, la misma tiene como fin vincular a prestadores de servicios afines al sector con los productores ganaderos que visiten el predio, brindando as\u00ed un acercamiento y un v\u00ednculo entre ambas partes. <\/p>\n\n\n\n<p>Adem\u00e1s, en este marco se pondr\u00e1n a consideraci\u00f3n promociones especiales, tasas exclusivas de financiaci\u00f3n para este evento (con una vigencia que ir\u00e1 del 8 al 19 de julio) y herramientas financieras de Mutual Belgrano, siempre con la firme intenci\u00f3n de motorizar las econom\u00edas regionales. <\/p>\n\n\n\n<p>Si bien el jueves por la ma\u00f1ana se podr\u00e1n recorrer los corrales, la idea es poder brindar un servicio acorde y lo m\u00e1s personalizado posible el d\u00eda mi\u00e9rcoles, por eso la invitaci\u00f3n a quienes quieran aprovechar esta oportunidad, ese d\u00eda a la hora 12 comenzar\u00e1 de manera puntual el Evento Ganadero.<\/p>\n\n\n\n<p><strong><span class=\"has-inline-color has-vivid-red-color\">C\u00d3MO ACREDITARSE<\/span><\/strong><\/p>\n\n\n\n<p>Por razones organizativas, quienes deseen participar del Segundo Remate Litoral, deber\u00e1n acreditarse ingresando en: <\/p>\n\n\n\n<p><strong><a href=\"http:\/\/mutualbelgrano.com.ar\/acreditacionesremate\" target=\"_blank\" rel=\"noreferrer noopener\">http:\/\/mutualbelgrano.com.ar\/acreditacionesremate <\/a><\/strong>(CUPOS LIMITADOS) registr\u00e1ndose quedar\u00e1n debidamente acreditados para participar del Evento Ganadero a realizarse el pr\u00f3ximo jueves 8 de julio en el predio ubicado en la Ruta Nacional 11 Km 615 Colonia Silva. El mismo comenzar\u00e1 puntualmente a las 12 horas.<\/p>\n\n\n\n<p><strong><span class=\"has-inline-color has-vivid-red-color\">SE PODR\u00c1 SEGUIR V\u00cdA STREAMING<\/span><\/strong><\/p>\n\n\n\n<p>A trav\u00e9s de Canal Rural se podr\u00e1 compartir v\u00eda streaming el Segundo Remate Litoral, accediendo al siguiente link: <strong><a href=\"https:\/\/remates.elrural.com\/remates\/proximos\/on-line\">https:\/\/remates.elrural.com\/remates\/proximos\/on-line<\/a><\/strong> all\u00ed encontraran en la grilla el acceso al Evento de Caba\u00f1as Integradas Santafesinas que administra y financia Mutual Belgrano del d\u00eda 8 de julio. De esta manera, quienes por diferentes motivos no puedan participar de manera presencial, podr\u00e1n ser parte del encuentro de igual modo.<\/p>\n\n\n\n<p><strong><span class=\"has-inline-color has-vivid-red-color\">TODA LA INFO EN NUESTRA P\u00c1GINA WEB<\/span><\/strong><\/p>\n\n\n\n<p>Por \u00faltimo digamos que visitando nuestra p\u00e1gina <strong><a href=\"http:\/\/www.mutualbelgrano.com.ar\/\" target=\"_blank\" rel=\"noreferrer noopener\">www.mutualbelgrano.com.ar <\/a><\/strong>podr\u00e1n acceder a todas las novedades del Segundo Remate Litoral. Link para acreditaciones, notas relacionadas, cat\u00e1logos de reproductores de diferentes Caba\u00f1as presentes y mucho m\u00e1s.<\/p>\n\n\n\n<p>Prensa Mutual Belgrano<\/p>\n","protected":false},"excerpt":{"rendered":"<p>Se transitan las horas previas a la realizaci\u00f3n del Segundo Remate Litoral, por eso es importante conocer detalles organizativos de este tan importante evento ganadero. A continuaci\u00f3n les dejamos los principales puntos&#46;&#46;&#46;<\/p>\n","protected":false},"author":1,"featured_media":9889,"comment_status":"closed","ping_status":"closed","sticky":false,"template":"","format":"standard","meta":[],"categories":[4,16,10,8],"tags":[],"_links":{"self":[{"href":"https:\/\/www.revistarescatados.com.ar\/web\/wp-json\/wp\/v2\/posts\/14525"}],"collection":[{"href":"https:\/\/www.revistarescatados.com.ar\/web\/wp-json\/wp\/v2\/posts"}],"about":[{"href":"https:\/\/www.revistarescatados.com.ar\/web\/wp-json\/wp\/v2\/types\/post"}],"author":[{"embeddable":true,"href":"https:\/\/www.revistarescatados.com.ar\/web\/wp-json\/wp\/v2\/users\/1"}],"replies":[{"embeddable":true,"href":"https:\/\/www.revistarescatados.com.ar\/web\/wp-json\/wp\/v2\/comments?post=14525"}],"version-history":[{"count":1,"href":"https:\/\/www.revistarescatados.com.ar\/web\/wp-json\/wp\/v2\/posts\/14525\/revisions"}],"predecessor-version":[{"id":14526,"href":"https:\/\/www.revistarescatados.com.ar\/web\/wp-json\/wp\/v2\/posts\/14525\/revisions\/14526"}],"wp:featuredmedia":[{"embeddable":true,"href":"https:\/\/www.revistarescatados.com.ar\/web\/wp-json\/wp\/v2\/media\/9889"}],"wp:attachment":[{"href":"https:\/\/www.revistarescatados.com.ar\/web\/wp-json\/wp\/v2\/media?parent=14525"}],"wp:term":[{"taxonomy":"category","embeddable":true,"href":"https:\/\/www.revistarescatados.com.ar\/web\/wp-json\/wp\/v2\/categories?post=14525"},{"taxonomy":"post_tag","embeddable":true,"href":"https:\/\/www.revistarescatados.com.ar\/web\/wp-json\/wp\/v2\/tags?post=14525"}],"curies":[{"name":"wp","href":"https:\/\/api.w.org\/{rel}","templated":true}]}}