{"id":14537,"date":"2021-07-06T22:40:20","date_gmt":"2021-07-07T01:40:20","guid":{"rendered":"http:\/\/www.revistarescatados.com.ar\/web\/?p=14537"},"modified":"2021-07-06T22:40:30","modified_gmt":"2021-07-07T01:40:30","slug":"se-puso-en-marcha-la-tarjeta-sube-en-reconquista-y-avellaneda","status":"publish","type":"post","link":"https:\/\/www.revistarescatados.com.ar\/web\/2021\/07\/06\/se-puso-en-marcha-la-tarjeta-sube-en-reconquista-y-avellaneda\/","title":{"rendered":"Se puso en marcha  la tarjeta SUBE en Reconquista y Avellaneda"},"content":{"rendered":"\n<figure class=\"wp-block-image size-large\"><img loading=\"lazy\" width=\"1024\" height=\"575\" src=\"http:\/\/www.revistarescatados.com.ar\/web\/wp-content\/uploads\/2021\/07\/SUBE-Reconquista-1024x575.jpg\" alt=\"\" class=\"wp-image-14538\" srcset=\"https:\/\/www.revistarescatados.com.ar\/web\/wp-content\/uploads\/2021\/07\/SUBE-Reconquista-1024x575.jpg 1024w, https:\/\/www.revistarescatados.com.ar\/web\/wp-content\/uploads\/2021\/07\/SUBE-Reconquista-300x168.jpg 300w, https:\/\/www.revistarescatados.com.ar\/web\/wp-content\/uploads\/2021\/07\/SUBE-Reconquista-768x431.jpg 768w, https:\/\/www.revistarescatados.com.ar\/web\/wp-content\/uploads\/2021\/07\/SUBE-Reconquista.jpg 1140w\" sizes=\"(max-width: 1024px) 100vw, 1024px\" \/><\/figure>\n\n\n\n<p><\/p>\n\n\n\n<p><strong><span class=\"has-inline-color has-vivid-red-color\">La provincia particip\u00f3 este martes de la puesta e marcha de la tarjeta SUBE en las ciudades de Reconquista y Avellaneda, iniciativa que tambi\u00e9n permitir\u00e1 el uso del Boleto Educativo Gratuito (BEG) con el mismo sistema. <\/span><\/strong><\/p>\n\n\n\n<p>De la actividad participaron, el Secretario de Transporte de la provincia, Osvaldo Miatello; el Secretario de Transporte de la Naci\u00f3n, Diego Giuliano, y los Intendentes de Reconquista, Enrique Vallejos y de Avellaneda, Dionisio Scarpin, entre otras autoridades.<\/p>\n\n\n\n<p><br>Durante la presentaci\u00f3n, Miatello, se\u00f1al\u00f3: \u201cEs una muy buena noticia que SUBE llegue a estas dos ciudades. Agradezco poder compartir mi gesti\u00f3n junto a Guilliano, ya que esto va a permitir potenciar el trabajo y las posibilidades de interactuar con el Gobierno Nacional. El gobernador Omar Perotti nos encomend\u00f3 anunciar que, apenas comience a funcionar SUBE en estas localidades, vamos a implementar el Boleto Educativo Gratuito tal como se est\u00e1 implementando en el resto de la provincia\u201d.<\/p>\n\n\n\n<p>Siguiendo esta misma l\u00ednea, Giuliano destac\u00f3 que \u201cimplementar SUBE permite conectar el sistema de transporte al sistema nacional y otorga la oportunidad de acceder a los beneficios que aporta este sistema. En este momento no s\u00f3lo se trata de facilitar la accesibilidad al transporte, sino tambi\u00e9n de reconocer la existencia de una regi\u00f3n que avanza y tiene liderazgo\u201d. Adem\u00e1s el funcionario nacional agradeci\u00f3 a \u201clos intendentes por el trabajo que est\u00e1n realizando desde otras \u00e1reas\u201d.<\/p>\n\n\n\n<p>Por su parte el intendente Vallejos indic\u00f3: &#8220;Esto se logra gracias al trabajo en conjunto de los dos municipios. Creemos que la \u00fanica forma de accionar es la de hacerlo unidos por el bien com\u00fan. Hoy m\u00e1s que nunca, trabajar codo a codo es la soluci\u00f3n, porque de esta dif\u00edcil situaci\u00f3n salimos juntos. Es un tiempo muy especial, donde hay personas que la siguen luchando d\u00eda a d\u00eda y nosotros los estamos acompa\u00f1ando. Esta es la oportunidad para dejar las diferencias y trabajar por esa unidad que necesitamos todos\u201d.<\/p>\n\n\n\n<p>Finalmente, Scarpin destac\u00f3: &#8220;Es un hito para nuestras ciudades, esto es pensar en los ciudadanos que necesitan este tipo de herramientas y en las empresas de transportes que, d\u00eda a d\u00eda, hacen un esfuerzo por mantenerse de pie. Sin dejar de mencionar la importancia de esta modernizaci\u00f3n en nuestras ciudades y en los instrumentos de movilidad sustentables hacia los cuales tenemos que ir&#8221;.<\/p>\n","protected":false},"excerpt":{"rendered":"<p>La provincia particip\u00f3 este martes de la puesta e marcha de la tarjeta SUBE en las ciudades de Reconquista y Avellaneda, iniciativa que tambi\u00e9n permitir\u00e1 el uso del Boleto Educativo Gratuito (BEG)&#46;&#46;&#46;<\/p>\n","protected":false},"author":1,"featured_media":14538,"comment_status":"closed","ping_status":"closed","sticky":false,"template":"","format":"standard","meta":[],"categories":[6,16,8],"tags":[],"_links":{"self":[{"href":"https:\/\/www.revistarescatados.com.ar\/web\/wp-json\/wp\/v2\/posts\/14537"}],"collection":[{"href":"https:\/\/www.revistarescatados.com.ar\/web\/wp-json\/wp\/v2\/posts"}],"about":[{"href":"https:\/\/www.revistarescatados.com.ar\/web\/wp-json\/wp\/v2\/types\/post"}],"author":[{"embeddable":true,"href":"https:\/\/www.revistarescatados.com.ar\/web\/wp-json\/wp\/v2\/users\/1"}],"replies":[{"embeddable":true,"href":"https:\/\/www.revistarescatados.com.ar\/web\/wp-json\/wp\/v2\/comments?post=14537"}],"version-history":[{"count":1,"href":"https:\/\/www.revistarescatados.com.ar\/web\/wp-json\/wp\/v2\/posts\/14537\/revisions"}],"predecessor-version":[{"id":14539,"href":"https:\/\/www.revistarescatados.com.ar\/web\/wp-json\/wp\/v2\/posts\/14537\/revisions\/14539"}],"wp:featuredmedia":[{"embeddable":true,"href":"https:\/\/www.revistarescatados.com.ar\/web\/wp-json\/wp\/v2\/media\/14538"}],"wp:attachment":[{"href":"https:\/\/www.revistarescatados.com.ar\/web\/wp-json\/wp\/v2\/media?parent=14537"}],"wp:term":[{"taxonomy":"category","embeddable":true,"href":"https:\/\/www.revistarescatados.com.ar\/web\/wp-json\/wp\/v2\/categories?post=14537"},{"taxonomy":"post_tag","embeddable":true,"href":"https:\/\/www.revistarescatados.com.ar\/web\/wp-json\/wp\/v2\/tags?post=14537"}],"curies":[{"name":"wp","href":"https:\/\/api.w.org\/{rel}","templated":true}]}}