{"id":14550,"date":"2021-07-06T23:25:08","date_gmt":"2021-07-07T02:25:08","guid":{"rendered":"http:\/\/www.revistarescatados.com.ar\/web\/?p=14550"},"modified":"2021-07-06T23:28:12","modified_gmt":"2021-07-07T02:28:12","slug":"entregaran-12-000-plantines-florales-producidos-en-el-micro-bosque-urbano","status":"publish","type":"post","link":"https:\/\/www.revistarescatados.com.ar\/web\/2021\/07\/06\/entregaran-12-000-plantines-florales-producidos-en-el-micro-bosque-urbano\/","title":{"rendered":"Entregar\u00e1n 12.000 plantines florales producidos en el Micro Bosque Urbano"},"content":{"rendered":"\n<p><\/p>\n\n\n\n<p><strong><span class=\"has-inline-color has-vivid-red-color\">Ser\u00e1 este mi\u00e9rcoles a las 14:3<\/span><\/strong>0<strong><span class=\"has-inline-color has-vivid-red-color\"> horas en el \u201cD\u00eda internacional de la conservaci\u00f3n del suelo\u201d, organizado por la Secretaria de Medio Ambiente de la Municipalidad de Calchaqu\u00ed.<\/span><\/strong><\/p>\n\n\n\n<figure class=\"wp-block-image size-large\"><img loading=\"lazy\" width=\"1024\" height=\"851\" src=\"http:\/\/www.revistarescatados.com.ar\/web\/wp-content\/uploads\/2021\/07\/Micro-bosque-1024x851.jpg\" alt=\"\" class=\"wp-image-14551\" srcset=\"https:\/\/www.revistarescatados.com.ar\/web\/wp-content\/uploads\/2021\/07\/Micro-bosque-1024x851.jpg 1024w, https:\/\/www.revistarescatados.com.ar\/web\/wp-content\/uploads\/2021\/07\/Micro-bosque-300x249.jpg 300w, https:\/\/www.revistarescatados.com.ar\/web\/wp-content\/uploads\/2021\/07\/Micro-bosque-768x638.jpg 768w, https:\/\/www.revistarescatados.com.ar\/web\/wp-content\/uploads\/2021\/07\/Micro-bosque.jpg 1078w\" sizes=\"(max-width: 1024px) 100vw, 1024px\" \/><\/figure>\n\n\n\n<p>Con una visita guiada se har\u00e1 la presentaci\u00f3n formal del \u201cMicro Bosque Urbano por las generaciones venideras\u201d, ubicado sobre calle San Mart\u00edn, entre Santa Fe y Rivadavia.<\/p>\n\n\n\n<p>Adem\u00e1s se har\u00e1 entrega gratuita \u00a0de 12000 plantines generados en el mismo microbosque, que fue dise\u00f1ado con la forma del plano de la ciudad en el predio del ferrocarril.<\/p>\n\n\n\n<p><strong><span class=\"has-inline-color has-vivid-red-color\">D\u00eda Internacional de la Conservaci\u00f3n del Suelo<\/span><\/strong><\/p>\n\n\n\n<p>El D\u00eda Internacional de la Conservaci\u00f3n del Suelo, se celebra cada 7 de julio desde el a\u00f1o 1963.<\/p>\n\n\n\n<p>Se eligi\u00f3 este d\u00eda en particular, en honor al cient\u00edfico estadounidense Hugh Hammond Bennett, qui\u00e9n dedic\u00f3 su vida a demostrar que el cuidado del suelo influye directamente en la capacidad productiva de los mismos o como el mismo lo dec\u00eda: \u201cLa tierra productiva es nuestra base, porque cada cosa que nosotros hacemos comienza y se mantiene con la sostenida productividad de nuestras tierras agr\u00edcolas\u201d.<\/p>\n","protected":false},"excerpt":{"rendered":"<p>Ser\u00e1 este mi\u00e9rcoles a las 14:30 horas en el \u201cD\u00eda internacional de la conservaci\u00f3n del suelo\u201d, organizado por la Secretaria de Medio Ambiente de la Municipalidad de Calchaqu\u00ed. Con una visita guiada&#46;&#46;&#46;<\/p>\n","protected":false},"author":1,"featured_media":14551,"comment_status":"closed","ping_status":"closed","sticky":false,"template":"","format":"standard","meta":[],"categories":[2,3,16,8],"tags":[],"_links":{"self":[{"href":"https:\/\/www.revistarescatados.com.ar\/web\/wp-json\/wp\/v2\/posts\/14550"}],"collection":[{"href":"https:\/\/www.revistarescatados.com.ar\/web\/wp-json\/wp\/v2\/posts"}],"about":[{"href":"https:\/\/www.revistarescatados.com.ar\/web\/wp-json\/wp\/v2\/types\/post"}],"author":[{"embeddable":true,"href":"https:\/\/www.revistarescatados.com.ar\/web\/wp-json\/wp\/v2\/users\/1"}],"replies":[{"embeddable":true,"href":"https:\/\/www.revistarescatados.com.ar\/web\/wp-json\/wp\/v2\/comments?post=14550"}],"version-history":[{"count":2,"href":"https:\/\/www.revistarescatados.com.ar\/web\/wp-json\/wp\/v2\/posts\/14550\/revisions"}],"predecessor-version":[{"id":14553,"href":"https:\/\/www.revistarescatados.com.ar\/web\/wp-json\/wp\/v2\/posts\/14550\/revisions\/14553"}],"wp:featuredmedia":[{"embeddable":true,"href":"https:\/\/www.revistarescatados.com.ar\/web\/wp-json\/wp\/v2\/media\/14551"}],"wp:attachment":[{"href":"https:\/\/www.revistarescatados.com.ar\/web\/wp-json\/wp\/v2\/media?parent=14550"}],"wp:term":[{"taxonomy":"category","embeddable":true,"href":"https:\/\/www.revistarescatados.com.ar\/web\/wp-json\/wp\/v2\/categories?post=14550"},{"taxonomy":"post_tag","embeddable":true,"href":"https:\/\/www.revistarescatados.com.ar\/web\/wp-json\/wp\/v2\/tags?post=14550"}],"curies":[{"name":"wp","href":"https:\/\/api.w.org\/{rel}","templated":true}]}}