{"id":14639,"date":"2021-07-13T14:55:05","date_gmt":"2021-07-13T17:55:05","guid":{"rendered":"http:\/\/www.revistarescatados.com.ar\/web\/?p=14639"},"modified":"2021-07-13T14:55:16","modified_gmt":"2021-07-13T17:55:16","slug":"se-posterga-para-el-sabado-la-apertura-de-sobres-licitatorios-para-el-ripiado-del-acceso-a-laguna-el-cristal","status":"publish","type":"post","link":"https:\/\/www.revistarescatados.com.ar\/web\/2021\/07\/13\/se-posterga-para-el-sabado-la-apertura-de-sobres-licitatorios-para-el-ripiado-del-acceso-a-laguna-el-cristal\/","title":{"rendered":"Se posterga para el s\u00e1bado la apertura de sobres licitatorios para el ripiado del acceso a laguna El Cristal"},"content":{"rendered":"\n<p><strong><span class=\"has-inline-color has-vivid-red-color\">Por cuestiones clim\u00e1ticas, el gobernador Omar Perotti suspendi\u00f3 la visita programada a Calchaqu\u00ed, Tartagal y Tres Bocas. As\u00ed se posterga la apertura de sobres de la licitaci\u00f3n para el ripiado del camino a El Cristal. Adem\u00e1s se entregar\u00e1 una nueva ambulancia para traslados destinada al Samco local.<\/span><\/strong><\/p>\n\n\n\n<figure class=\"wp-block-image size-large\"><img loading=\"lazy\" width=\"1024\" height=\"683\" src=\"http:\/\/www.revistarescatados.com.ar\/web\/wp-content\/uploads\/2021\/06\/Cuello-y-Perotti-1024x683.jpg\" alt=\"\" class=\"wp-image-14441\" srcset=\"https:\/\/www.revistarescatados.com.ar\/web\/wp-content\/uploads\/2021\/06\/Cuello-y-Perotti-1024x683.jpg 1024w, https:\/\/www.revistarescatados.com.ar\/web\/wp-content\/uploads\/2021\/06\/Cuello-y-Perotti-300x200.jpg 300w, https:\/\/www.revistarescatados.com.ar\/web\/wp-content\/uploads\/2021\/06\/Cuello-y-Perotti-768x512.jpg 768w, https:\/\/www.revistarescatados.com.ar\/web\/wp-content\/uploads\/2021\/06\/Cuello-y-Perotti.jpg 1080w\" sizes=\"(max-width: 1024px) 100vw, 1024px\" \/><\/figure>\n\n\n\n<p>De esta manera el acto ser\u00e1 el s\u00e1bado 17\/07, en horario a confirmar, en el Gimnasio del Centro Recreativo Calchaqu\u00ed. El motivo de la postergaci\u00f3n son las inestables condiciones clim\u00e1ticas imperantes.<\/p>\n\n\n\n<p>Cabe recordar, que todo estaba preparado este martes para el arribo del gobernador, aunque pasado el mediod\u00eda, se comunic\u00f3 la postergaci\u00f3n hasta las 17 horas y finalmente se posterg\u00f3 para el d\u00eda s\u00e1bado.<\/p>\n\n\n\n<figure class=\"wp-block-image size-large\"><img loading=\"lazy\" width=\"1024\" height=\"768\" src=\"http:\/\/www.revistarescatados.com.ar\/web\/wp-content\/uploads\/2021\/07\/preparativos-1024x768.jpg\" alt=\"\" class=\"wp-image-14640\" srcset=\"https:\/\/www.revistarescatados.com.ar\/web\/wp-content\/uploads\/2021\/07\/preparativos-1024x768.jpg 1024w, https:\/\/www.revistarescatados.com.ar\/web\/wp-content\/uploads\/2021\/07\/preparativos-300x225.jpg 300w, https:\/\/www.revistarescatados.com.ar\/web\/wp-content\/uploads\/2021\/07\/preparativos-768x576.jpg 768w, https:\/\/www.revistarescatados.com.ar\/web\/wp-content\/uploads\/2021\/07\/preparativos.jpg 1440w\" sizes=\"(max-width: 1024px) 100vw, 1024px\" \/><\/figure>\n","protected":false},"excerpt":{"rendered":"<p>Por cuestiones clim\u00e1ticas, el gobernador Omar Perotti suspendi\u00f3 la visita programada a Calchaqu\u00ed, Tartagal y Tres Bocas. As\u00ed se posterga la apertura de sobres de la licitaci\u00f3n para el ripiado del camino&#46;&#46;&#46;<\/p>\n","protected":false},"author":1,"featured_media":14441,"comment_status":"closed","ping_status":"closed","sticky":false,"template":"","format":"standard","meta":[],"categories":[2,3,16],"tags":[],"_links":{"self":[{"href":"https:\/\/www.revistarescatados.com.ar\/web\/wp-json\/wp\/v2\/posts\/14639"}],"collection":[{"href":"https:\/\/www.revistarescatados.com.ar\/web\/wp-json\/wp\/v2\/posts"}],"about":[{"href":"https:\/\/www.revistarescatados.com.ar\/web\/wp-json\/wp\/v2\/types\/post"}],"author":[{"embeddable":true,"href":"https:\/\/www.revistarescatados.com.ar\/web\/wp-json\/wp\/v2\/users\/1"}],"replies":[{"embeddable":true,"href":"https:\/\/www.revistarescatados.com.ar\/web\/wp-json\/wp\/v2\/comments?post=14639"}],"version-history":[{"count":1,"href":"https:\/\/www.revistarescatados.com.ar\/web\/wp-json\/wp\/v2\/posts\/14639\/revisions"}],"predecessor-version":[{"id":14641,"href":"https:\/\/www.revistarescatados.com.ar\/web\/wp-json\/wp\/v2\/posts\/14639\/revisions\/14641"}],"wp:featuredmedia":[{"embeddable":true,"href":"https:\/\/www.revistarescatados.com.ar\/web\/wp-json\/wp\/v2\/media\/14441"}],"wp:attachment":[{"href":"https:\/\/www.revistarescatados.com.ar\/web\/wp-json\/wp\/v2\/media?parent=14639"}],"wp:term":[{"taxonomy":"category","embeddable":true,"href":"https:\/\/www.revistarescatados.com.ar\/web\/wp-json\/wp\/v2\/categories?post=14639"},{"taxonomy":"post_tag","embeddable":true,"href":"https:\/\/www.revistarescatados.com.ar\/web\/wp-json\/wp\/v2\/tags?post=14639"}],"curies":[{"name":"wp","href":"https:\/\/api.w.org\/{rel}","templated":true}]}}