{"id":14664,"date":"2021-07-15T00:36:02","date_gmt":"2021-07-15T03:36:02","guid":{"rendered":"http:\/\/www.revistarescatados.com.ar\/web\/?p=14664"},"modified":"2021-07-15T00:36:09","modified_gmt":"2021-07-15T03:36:09","slug":"se-creo-la-oficina-de-asociativismo-y-economia-social-en-calchaqui","status":"publish","type":"post","link":"https:\/\/www.revistarescatados.com.ar\/web\/2021\/07\/15\/se-creo-la-oficina-de-asociativismo-y-economia-social-en-calchaqui\/","title":{"rendered":"Se cre\u00f3 la oficina de asociativismo y econom\u00eda social en Calchaqu\u00ed"},"content":{"rendered":"\n<p><br><strong><span class=\"has-inline-color has-vivid-red-color\">Este mi\u00e9rcoles se firm\u00f3 un convenio para la creaci\u00f3n, en la Secretar\u00eda de la Producci\u00f3n, de una Oficina Local que contribuya al fortalecimiento del Asociativismo y el desarrollo de la Econom\u00eda Social. <\/span><\/strong><\/p>\n\n\n\n<figure class=\"wp-block-image size-large\"><img loading=\"lazy\" width=\"960\" height=\"640\" src=\"http:\/\/www.revistarescatados.com.ar\/web\/wp-content\/uploads\/2021\/07\/Oficina-de-cooperativismo.jpg\" alt=\"\" class=\"wp-image-14665\" srcset=\"https:\/\/www.revistarescatados.com.ar\/web\/wp-content\/uploads\/2021\/07\/Oficina-de-cooperativismo.jpg 960w, https:\/\/www.revistarescatados.com.ar\/web\/wp-content\/uploads\/2021\/07\/Oficina-de-cooperativismo-300x200.jpg 300w, https:\/\/www.revistarescatados.com.ar\/web\/wp-content\/uploads\/2021\/07\/Oficina-de-cooperativismo-768x512.jpg 768w\" sizes=\"(max-width: 960px) 100vw, 960px\" \/><\/figure>\n\n\n\n<p><br>Su objetivo es la atenci\u00f3n, asistencia y acompa\u00f1amiento a las cooperativas y mutuales locales.<\/p>\n\n\n\n<p><br>Participaron el intendente, Rub\u00e9n Cuello, la Secretaria de la Producci\u00f3n, Joana Mussin, el Secretario de Desarrollo Territorial, Fabricio Medina, el Director Provincial de Econom\u00eda Social, Guillermo Tavernier, y representantes de la Mutual Belgrano, de la Cooperativa de Electrificaci\u00f3n Rural y de la Cooperativa Agr\u00edcola de Margarita.<\/p>\n","protected":false},"excerpt":{"rendered":"<p>Este mi\u00e9rcoles se firm\u00f3 un convenio para la creaci\u00f3n, en la Secretar\u00eda de la Producci\u00f3n, de una Oficina Local que contribuya al fortalecimiento del Asociativismo y el desarrollo de la Econom\u00eda Social.&#46;&#46;&#46;<\/p>\n","protected":false},"author":1,"featured_media":14665,"comment_status":"closed","ping_status":"closed","sticky":false,"template":"","format":"standard","meta":[],"categories":[2,3,16],"tags":[],"_links":{"self":[{"href":"https:\/\/www.revistarescatados.com.ar\/web\/wp-json\/wp\/v2\/posts\/14664"}],"collection":[{"href":"https:\/\/www.revistarescatados.com.ar\/web\/wp-json\/wp\/v2\/posts"}],"about":[{"href":"https:\/\/www.revistarescatados.com.ar\/web\/wp-json\/wp\/v2\/types\/post"}],"author":[{"embeddable":true,"href":"https:\/\/www.revistarescatados.com.ar\/web\/wp-json\/wp\/v2\/users\/1"}],"replies":[{"embeddable":true,"href":"https:\/\/www.revistarescatados.com.ar\/web\/wp-json\/wp\/v2\/comments?post=14664"}],"version-history":[{"count":1,"href":"https:\/\/www.revistarescatados.com.ar\/web\/wp-json\/wp\/v2\/posts\/14664\/revisions"}],"predecessor-version":[{"id":14666,"href":"https:\/\/www.revistarescatados.com.ar\/web\/wp-json\/wp\/v2\/posts\/14664\/revisions\/14666"}],"wp:featuredmedia":[{"embeddable":true,"href":"https:\/\/www.revistarescatados.com.ar\/web\/wp-json\/wp\/v2\/media\/14665"}],"wp:attachment":[{"href":"https:\/\/www.revistarescatados.com.ar\/web\/wp-json\/wp\/v2\/media?parent=14664"}],"wp:term":[{"taxonomy":"category","embeddable":true,"href":"https:\/\/www.revistarescatados.com.ar\/web\/wp-json\/wp\/v2\/categories?post=14664"},{"taxonomy":"post_tag","embeddable":true,"href":"https:\/\/www.revistarescatados.com.ar\/web\/wp-json\/wp\/v2\/tags?post=14664"}],"curies":[{"name":"wp","href":"https:\/\/api.w.org\/{rel}","templated":true}]}}