{"id":14704,"date":"2021-07-17T21:54:32","date_gmt":"2021-07-18T00:54:32","guid":{"rendered":"http:\/\/www.revistarescatados.com.ar\/web\/?p=14704"},"modified":"2021-07-17T21:54:50","modified_gmt":"2021-07-18T00:54:50","slug":"se-presentaron-8-ofertas-para-la-obra-de-ripiado-del-camino-al-balneario-laguna-el-cristal","status":"publish","type":"post","link":"https:\/\/www.revistarescatados.com.ar\/web\/2021\/07\/17\/se-presentaron-8-ofertas-para-la-obra-de-ripiado-del-camino-al-balneario-laguna-el-cristal\/","title":{"rendered":"Se presentaron 8 ofertas para la obra de ripiado del camino al balneario Laguna El Cristal"},"content":{"rendered":"\n<p><strong><span class=\"has-inline-color has-vivid-red-color\"> \u201cM\u00e1s de $2.500 millones en licitaciones para la zona es un nivel de inversi\u00f3n que venimos sosteniendo muy fuerte en nuestro norte\u201d.Lo afirm\u00f3 el gobernador este s\u00e1bado durante la licitaci\u00f3n para la construcci\u00f3n del acceso a la Laguna El Cristal de la ciudad de Calchaqu\u00ed. La inversi\u00f3n supera los 265 millones de pesos. <\/span><\/strong><\/p>\n\n\n\n<figure class=\"wp-block-image size-large\"><img loading=\"lazy\" width=\"1024\" height=\"683\" src=\"http:\/\/www.revistarescatados.com.ar\/web\/wp-content\/uploads\/2021\/07\/Bindoca-1024x683.jpg\" alt=\"\" class=\"wp-image-14705\" srcset=\"https:\/\/www.revistarescatados.com.ar\/web\/wp-content\/uploads\/2021\/07\/Bindoca-1024x683.jpg 1024w, https:\/\/www.revistarescatados.com.ar\/web\/wp-content\/uploads\/2021\/07\/Bindoca-300x200.jpg 300w, https:\/\/www.revistarescatados.com.ar\/web\/wp-content\/uploads\/2021\/07\/Bindoca-768x512.jpg 768w, https:\/\/www.revistarescatados.com.ar\/web\/wp-content\/uploads\/2021\/07\/Bindoca-1536x1024.jpg 1536w, https:\/\/www.revistarescatados.com.ar\/web\/wp-content\/uploads\/2021\/07\/Bindoca.jpg 1620w\" sizes=\"(max-width: 1024px) 100vw, 1024px\" \/><figcaption>&#8220;BINDOCA&#8221; DAVIES &#8211; CUIDADOR DE LA LAGUNA &#8211; ABRI\u00d3 UNO DE LOS SOBRES<\/figcaption><\/figure>\n\n\n\n<p><\/p>\n\n\n\n<p>El gobernador Omar Perotti encabez\u00f3 este s\u00e1bado la apertura de sobres para ejecutar obras de estabilizado granular en el camino de acceso a la laguna El Cristal de Calchaqu\u00ed desde su ingreso sobre la Ruta Nacional N\u00b011. Los trabajos tienen un presupuesto oficial de $265.514.263,24, y un plazo de ejecuci\u00f3n de 12 meses.<br>En la oportunidad, el gobernador sostuvo que \u201ceste norte tiene condiciones y posibilidades; lo que hab\u00eda que terminar en este norte es con el hablar y no hacer obras. Nosotros hacemos obras que son las que quedan, que son de las que ustedes se tienen que apropiar y de las que tienen que enorgullecerse, porque es lo que les va a permitir la verdadera potencialidad de nuestra gente, que tiene capacidad, que tiene talento y que necesita que se la acompa\u00f1e\u201d.<\/p>\n\n\n\n<p>\u201cEsta inversi\u00f3n no se puede hacer todos los d\u00edas, hay que cuidarla y sostenerla para que dure en el tiempo, pero sin dudas esta primera se\u00f1al va a llevar a que muchos est\u00e9n pensando en c\u00f3mo generar mejor infraestructura en el lugar. Que oportunidades laborales y de comercio se pueden generar si viene mucha m\u00e1s gente\u201d, continu\u00f3 el titular de la Casa Gris.<\/p>\n\n\n\n<figure class=\"wp-block-embed is-type-rich is-provider-gestor-del-servicio\"><div class=\"wp-block-embed__wrapper\">\n<div style=\"width: 640px;\" class=\"wp-video\"><!--[if lt IE 9]><script>document.createElement('video');<\/script><![endif]-->\n<video class=\"wp-video-shortcode\" id=\"video-14704-1\" width=\"640\" height=\"360\" preload=\"metadata\" controls=\"controls\"><source type=\"video\/mp4\" src=\"https:\/\/www.santafe.gob.ar\/noticias\/recursos\/videosHD\/2021\/07\/2021-07-17NID_271625O_1.mp4?_=1\" \/><a href=\"https:\/\/www.santafe.gob.ar\/noticias\/recursos\/videosHD\/2021\/07\/2021-07-17NID_271625O_1.mp4\">https:\/\/www.santafe.gob.ar\/noticias\/recursos\/videosHD\/2021\/07\/2021-07-17NID_271625O_1.mp4<\/a><\/video><\/div>\n<\/div><\/figure>\n\n\n\n<p><strong><span class=\"has-inline-color has-vivid-red-color\">POTENCIAR EL TURISMO<\/span><\/strong><\/p>\n\n\n\n<p>\u201cTenemos un potencial enorme que aprovechar. El verano que pas\u00f3 Santa Fe se instal\u00f3 entre los 10 destinos m\u00e1s visitados de la Argentina. Y es una oportunidad que tenemos que aprovechar porque el santafesino es de irse a C\u00f3rdoba, a la Costa, a Brasil, y la opci\u00f3n santafesina queda para pocos, y muchos no conocen el potencial de nuestra provincia. Por la pandemia y los temores de ir a otros lugares, mucha gente opt\u00f3 por la cercan\u00eda, y eso significa empezar a descubrir las cosas hermosas que tenemos. Y son las que hay que consolidar ahora\u201d, manifest\u00f3 m\u00e1s adelante el gobernador.<\/p>\n\n\n\n<p>Por su parte, la ministra de Infraestructura, Servicios P\u00fablicos y H\u00e1bitat, Silvina Frana, afirm\u00f3 que \u201cesta licitaci\u00f3n est\u00e1 incluida en los m\u00e1s de $13 mil millones de licitaciones que se hicieron solamente desde la Direcci\u00f3n de Vialidad en junio y julio de este a\u00f1o. Es un compromiso enorme del gobernador Perotti hacia toda la provincia de llevar adelante la infraestructura que se necesita\u201d.<\/p>\n\n\n\n<p>\u201cCada vez que abrimos una licitaci\u00f3n no venimos a contarles lo que alguna vez vamos a hacer, venimos a decirles que a partir de hoy empieza el trabajo para poder acceder a la laguna El Cristal\u201d, agreg\u00f3.<\/p>\n\n\n\n<p>Seguidamente, el intendente local, Rub\u00e9n Cuello, se refiri\u00f3 a la obra y asegur\u00f3 que \u201cel impacto tur\u00edstico que nosotros vamos a tener en nuestra regi\u00f3n ser\u00e1 muy importante. Eso va a engrandecer todo nuestro sistema porque le queremos dar la impronta de lo que nos merecemos o de lo que se merece la gente de alguna manera. Es algo so\u00f1ado en lo que vamos a empezar a trabajar muy pronto y pondremos todo de parte de la sociedad de Calchaqu\u00ed para fortalecer esto\u201d.<\/p>\n\n\n\n<figure class=\"wp-block-image size-large\"><img loading=\"lazy\" width=\"1024\" height=\"575\" src=\"http:\/\/www.revistarescatados.com.ar\/web\/wp-content\/uploads\/2021\/07\/PEROTTI-LICITA-EL-CRISTAL-1024x575.jpg\" alt=\"\" class=\"wp-image-14706\" srcset=\"https:\/\/www.revistarescatados.com.ar\/web\/wp-content\/uploads\/2021\/07\/PEROTTI-LICITA-EL-CRISTAL-1024x575.jpg 1024w, https:\/\/www.revistarescatados.com.ar\/web\/wp-content\/uploads\/2021\/07\/PEROTTI-LICITA-EL-CRISTAL-300x169.jpg 300w, https:\/\/www.revistarescatados.com.ar\/web\/wp-content\/uploads\/2021\/07\/PEROTTI-LICITA-EL-CRISTAL-768x431.jpg 768w, https:\/\/www.revistarescatados.com.ar\/web\/wp-content\/uploads\/2021\/07\/PEROTTI-LICITA-EL-CRISTAL-1536x863.jpg 1536w, https:\/\/www.revistarescatados.com.ar\/web\/wp-content\/uploads\/2021\/07\/PEROTTI-LICITA-EL-CRISTAL-2048x1150.jpg 2048w\" sizes=\"(max-width: 1024px) 100vw, 1024px\" \/><\/figure>\n\n\n\n<p><strong><span class=\"has-inline-color has-vivid-red-color\">DETALLES DE LA OBRA<\/span><\/strong><\/p>\n\n\n\n<p>La obra para la construcci\u00f3n de estabilizado granular en el acceso a la Laguna El Cristal tiene un presupuesto oficial de $265.514.263,24, y un plazo de ejecuci\u00f3n de 12 meses.<\/p>\n\n\n\n<p>El tramo tendr\u00e1 su comienzo desde la Ruta Nacional N\u00b011 en unos 21,7 kil\u00f3metros en sentido hacia el este hasta el ingreso al Complejo Tur\u00edstico. El proyecto contempla un ancho de calzada de 6 metros, banquinas de 1,5 por lado, construcci\u00f3n de nuevas alcantarillas y la reparaci\u00f3n del puente existente sobre el Arroyo El Rab\u00f3n, con nuevos estribos de hormig\u00f3n armado y la reconstrucci\u00f3n del tablero principal.<\/p>\n\n\n\n<p>Al respecto, el Administrador de Vialidad Provincial, Oscar Ceschi, expres\u00f3 que \u201ccuando vemos el costo que tiene, m\u00e1s de 265 millones de pesos, ah\u00ed vemos la importancia de la obra, porque en realidad se hace todo un trabajo de base, de levantamiento de caminos, de construcci\u00f3n de alcantarillas, tanto laterales como transversales y una reconstrucci\u00f3n del puente que atraviesa el arroyo El Rab\u00f3n. Es una obra muy importante para una futura pavimentaci\u00f3n que ojal\u00e1 alg\u00fan d\u00eda se pueda completar. Con esta obra le estamos dando al turismo una importancia para explotarlo como corresponde\u201d.<\/p>\n\n\n\n<p><strong><span class=\"has-inline-color has-vivid-red-color\">LAS OFERTAS<\/span><\/strong><\/p>\n\n\n\n<p>Se presentaron las siguientes empresas oferentes: Ingeniero civil Pedro Mart\u00ednez $249.667.864,66; Menara Construcciones S.A $261.018.013,90; UTE Conohormaq SRL &#8211; DINALE S.A &#8211; Ferrer S.A $248.780.374,86; Rio Salado SRL $245.007.058,46; Coemyc S.A $299.508.486,60; Mundo construcciones S.A $288.405.578,48; UTE Cocyar S.A &#8211; Pilatti S.A $247.143.281,24; MEM Ingenier\u00eda S.A $364.400.985,49<\/p>\n\n\n\n<p><strong><em>VIDEO DEL ACTO COMPLETO. Rescatados TeVe fue el \u00fanico medio que transmiti\u00f3 en vivo y directo el acto de apertura de los sobres<\/em><\/strong>. Miralo haciendo clik en el link abajo:<\/p>\n\n\n\n<p><a href=\"https:\/\/www.facebook.com\/rescatados.calchaqui.5\/videos\/499706417991895\" target=\"_blank\" rel=\"noreferrer noopener\"><strong>https:\/\/www.facebook.com\/rescatados.calchaqui.5\/videos\/499706417991895<\/strong><\/a><\/p>\n\n\n\n<p><\/p>\n","protected":false},"excerpt":{"rendered":"<p>\u201cM\u00e1s de $2.500 millones en licitaciones para la zona es un nivel de inversi\u00f3n que venimos sosteniendo muy fuerte en nuestro norte\u201d.Lo afirm\u00f3 el gobernador este s\u00e1bado durante la licitaci\u00f3n para la&#46;&#46;&#46;<\/p>\n","protected":false},"author":1,"featured_media":14705,"comment_status":"closed","ping_status":"closed","sticky":false,"template":"","format":"standard","meta":[],"categories":[2,3,16],"tags":[],"_links":{"self":[{"href":"https:\/\/www.revistarescatados.com.ar\/web\/wp-json\/wp\/v2\/posts\/14704"}],"collection":[{"href":"https:\/\/www.revistarescatados.com.ar\/web\/wp-json\/wp\/v2\/posts"}],"about":[{"href":"https:\/\/www.revistarescatados.com.ar\/web\/wp-json\/wp\/v2\/types\/post"}],"author":[{"embeddable":true,"href":"https:\/\/www.revistarescatados.com.ar\/web\/wp-json\/wp\/v2\/users\/1"}],"replies":[{"embeddable":true,"href":"https:\/\/www.revistarescatados.com.ar\/web\/wp-json\/wp\/v2\/comments?post=14704"}],"version-history":[{"count":1,"href":"https:\/\/www.revistarescatados.com.ar\/web\/wp-json\/wp\/v2\/posts\/14704\/revisions"}],"predecessor-version":[{"id":14707,"href":"https:\/\/www.revistarescatados.com.ar\/web\/wp-json\/wp\/v2\/posts\/14704\/revisions\/14707"}],"wp:featuredmedia":[{"embeddable":true,"href":"https:\/\/www.revistarescatados.com.ar\/web\/wp-json\/wp\/v2\/media\/14705"}],"wp:attachment":[{"href":"https:\/\/www.revistarescatados.com.ar\/web\/wp-json\/wp\/v2\/media?parent=14704"}],"wp:term":[{"taxonomy":"category","embeddable":true,"href":"https:\/\/www.revistarescatados.com.ar\/web\/wp-json\/wp\/v2\/categories?post=14704"},{"taxonomy":"post_tag","embeddable":true,"href":"https:\/\/www.revistarescatados.com.ar\/web\/wp-json\/wp\/v2\/tags?post=14704"}],"curies":[{"name":"wp","href":"https:\/\/api.w.org\/{rel}","templated":true}]}}