{"id":14734,"date":"2021-07-20T23:50:32","date_gmt":"2021-07-21T02:50:32","guid":{"rendered":"http:\/\/www.revistarescatados.com.ar\/web\/?p=14734"},"modified":"2021-07-20T23:50:38","modified_gmt":"2021-07-21T02:50:38","slug":"promueven-la-produccion-sustentable-de-alimentos-en-calchaqui","status":"publish","type":"post","link":"https:\/\/www.revistarescatados.com.ar\/web\/2021\/07\/20\/promueven-la-produccion-sustentable-de-alimentos-en-calchaqui\/","title":{"rendered":"Promueven la producci\u00f3n sustentable de alimentos en Calchaqu\u00ed"},"content":{"rendered":"\n<p><\/p>\n\n\n\n<p><strong><span class=\"has-inline-color has-vivid-red-color\">Este programa del Ministerio de la Producci\u00f3n busca promover y fortalecer- desde un diagn\u00f3stico del territorio de Calchaqu\u00ed- el desarrollo de las actividades primarias como procesos que incluyan valor agregado.<\/span><\/strong><\/p>\n\n\n\n<figure class=\"wp-block-image size-large\"><img loading=\"lazy\" width=\"1024\" height=\"682\" src=\"http:\/\/www.revistarescatados.com.ar\/web\/wp-content\/uploads\/2021\/07\/Produccion-Sustentable-1024x682.jpg\" alt=\"\" class=\"wp-image-14735\" srcset=\"https:\/\/www.revistarescatados.com.ar\/web\/wp-content\/uploads\/2021\/07\/Produccion-Sustentable-1024x682.jpg 1024w, https:\/\/www.revistarescatados.com.ar\/web\/wp-content\/uploads\/2021\/07\/Produccion-Sustentable-300x200.jpg 300w, https:\/\/www.revistarescatados.com.ar\/web\/wp-content\/uploads\/2021\/07\/Produccion-Sustentable-768x512.jpg 768w, https:\/\/www.revistarescatados.com.ar\/web\/wp-content\/uploads\/2021\/07\/Produccion-Sustentable.jpg 1249w\" sizes=\"(max-width: 1024px) 100vw, 1024px\" \/><\/figure>\n\n\n\n<p>Para ello, la Secretar\u00eda de Producci\u00f3n Municipal deber\u00e1 encargarse de la promoci\u00f3n y estudio del sistema territorial de producci\u00f3n sustentable de alimentos.<\/p>\n\n\n\n<p>Los miembros de este programa son: Asociaci\u00f3n Civil de Peque\u00f1os Productores del Dpto. Vera, Inta Calchaqu\u00ed y Cooperativa Agr\u00edcola de Margarita.<\/p>\n","protected":false},"excerpt":{"rendered":"<p>Este programa del Ministerio de la Producci\u00f3n busca promover y fortalecer- desde un diagn\u00f3stico del territorio de Calchaqu\u00ed- el desarrollo de las actividades primarias como procesos que incluyan valor agregado. Para ello,&#46;&#46;&#46;<\/p>\n","protected":false},"author":1,"featured_media":14735,"comment_status":"closed","ping_status":"closed","sticky":false,"template":"","format":"standard","meta":[],"categories":[2,3,16,8],"tags":[],"_links":{"self":[{"href":"https:\/\/www.revistarescatados.com.ar\/web\/wp-json\/wp\/v2\/posts\/14734"}],"collection":[{"href":"https:\/\/www.revistarescatados.com.ar\/web\/wp-json\/wp\/v2\/posts"}],"about":[{"href":"https:\/\/www.revistarescatados.com.ar\/web\/wp-json\/wp\/v2\/types\/post"}],"author":[{"embeddable":true,"href":"https:\/\/www.revistarescatados.com.ar\/web\/wp-json\/wp\/v2\/users\/1"}],"replies":[{"embeddable":true,"href":"https:\/\/www.revistarescatados.com.ar\/web\/wp-json\/wp\/v2\/comments?post=14734"}],"version-history":[{"count":1,"href":"https:\/\/www.revistarescatados.com.ar\/web\/wp-json\/wp\/v2\/posts\/14734\/revisions"}],"predecessor-version":[{"id":14736,"href":"https:\/\/www.revistarescatados.com.ar\/web\/wp-json\/wp\/v2\/posts\/14734\/revisions\/14736"}],"wp:featuredmedia":[{"embeddable":true,"href":"https:\/\/www.revistarescatados.com.ar\/web\/wp-json\/wp\/v2\/media\/14735"}],"wp:attachment":[{"href":"https:\/\/www.revistarescatados.com.ar\/web\/wp-json\/wp\/v2\/media?parent=14734"}],"wp:term":[{"taxonomy":"category","embeddable":true,"href":"https:\/\/www.revistarescatados.com.ar\/web\/wp-json\/wp\/v2\/categories?post=14734"},{"taxonomy":"post_tag","embeddable":true,"href":"https:\/\/www.revistarescatados.com.ar\/web\/wp-json\/wp\/v2\/tags?post=14734"}],"curies":[{"name":"wp","href":"https:\/\/api.w.org\/{rel}","templated":true}]}}