{"id":14739,"date":"2021-07-21T00:20:49","date_gmt":"2021-07-21T03:20:49","guid":{"rendered":"http:\/\/www.revistarescatados.com.ar\/web\/?p=14739"},"modified":"2021-07-21T00:20:56","modified_gmt":"2021-07-21T03:20:56","slug":"cortometraje-de-calchaqui-participara-de-un-festival-internacional-de-cine-en-rosario","status":"publish","type":"post","link":"https:\/\/www.revistarescatados.com.ar\/web\/2021\/07\/21\/cortometraje-de-calchaqui-participara-de-un-festival-internacional-de-cine-en-rosario\/","title":{"rendered":"Cortometraje de Calchaqu\u00ed participar\u00e1 de un festival internacional de cine en Rosario"},"content":{"rendered":"\n<p><strong><span class=\"has-inline-color has-vivid-red-color\">El filme &#8220;La leyenda de la laguna El Cristal&#8221; &#8211; realizada por j\u00f3venes que formaron parte del taller Motor Audiovisual &#8211; participar\u00e1 de la 10\u00ba edici\u00f3n de Ojo al Piojo! Festival Internacional de Cine Infantil a llevarse a cabo en la ciudad de Rosario del 19 al 22 de agosto.<\/span><\/strong><\/p>\n\n\n\n<figure class=\"wp-block-image size-large\"><img loading=\"lazy\" width=\"1024\" height=\"576\" src=\"http:\/\/www.revistarescatados.com.ar\/web\/wp-content\/uploads\/2021\/07\/Leyenda-El-Cristal-1024x576.jpg\" alt=\"\" class=\"wp-image-14740\" srcset=\"https:\/\/www.revistarescatados.com.ar\/web\/wp-content\/uploads\/2021\/07\/Leyenda-El-Cristal-1024x576.jpg 1024w, https:\/\/www.revistarescatados.com.ar\/web\/wp-content\/uploads\/2021\/07\/Leyenda-El-Cristal-300x169.jpg 300w, https:\/\/www.revistarescatados.com.ar\/web\/wp-content\/uploads\/2021\/07\/Leyenda-El-Cristal-768x432.jpg 768w, https:\/\/www.revistarescatados.com.ar\/web\/wp-content\/uploads\/2021\/07\/Leyenda-El-Cristal.jpg 1280w\" sizes=\"(max-width: 1024px) 100vw, 1024px\" \/><\/figure>\n\n\n\n<p>Del 5 al 10 de abril, se llevo a cabo el taller Motor Audiovisual en la EESO N\u00ba 223 &#8211; con el auspicio de la Municipalidad de Calchaqu\u00ed &#8211; que culmin\u00f3 con la grabaci\u00f3n en el complejo tur\u00edstico  del cortometraje &#8220;La Leyenda de la laguna El Cristal, presentado luego en un evento  desarrollado en la escuela t\u00e9cnica. <\/p>\n\n\n\n<figure class=\"wp-block-image size-large\"><img loading=\"lazy\" width=\"959\" height=\"540\" src=\"http:\/\/www.revistarescatados.com.ar\/web\/wp-content\/uploads\/2021\/07\/Leyenda-El-Cristal-1.jpg\" alt=\"\" class=\"wp-image-14741\" srcset=\"https:\/\/www.revistarescatados.com.ar\/web\/wp-content\/uploads\/2021\/07\/Leyenda-El-Cristal-1.jpg 959w, https:\/\/www.revistarescatados.com.ar\/web\/wp-content\/uploads\/2021\/07\/Leyenda-El-Cristal-1-300x169.jpg 300w, https:\/\/www.revistarescatados.com.ar\/web\/wp-content\/uploads\/2021\/07\/Leyenda-El-Cristal-1-768x432.jpg 768w\" sizes=\"(max-width: 959px) 100vw, 959px\" \/><\/figure>\n\n\n\n<p>La sinopsis de la pel\u00edcula se\u00f1ala que &#8220;un grupo de j\u00f3venes adentrados en el monte de la laguna van siguiendo el relato de una leyenda que les trasmite una mujer local, pero los intereses individuales de uno de ellos comienzan a afectar al grupo y todos terminan perdidos. \u00bfPodr\u00e1n superar las adversidades y encontrar la salida?&#8221;.<\/p>\n\n\n\n<figure class=\"wp-block-embed-youtube wp-block-embed is-type-video is-provider-youtube wp-embed-aspect-16-9 wp-has-aspect-ratio\"><div class=\"wp-block-embed__wrapper\">\n<div class=\"video-container\"><iframe loading=\"lazy\" title=\"La leyenda de la laguna El Cristal - Calchaqu\u00ed (Santa Fe)\" width=\"500\" height=\"281\" src=\"https:\/\/www.youtube.com\/embed\/kHMW0q0E6SY?start=2&#038;feature=oembed&#038;wmode=opaque\" frameborder=\"0\" allow=\"accelerometer; autoplay; clipboard-write; encrypted-media; gyroscope; picture-in-picture\" allowfullscreen><\/iframe><\/div>\n<\/div><\/figure>\n\n\n\n<p>Actuaron adolescentes de la ciudad, dirigidos por Abigail Furrer junto al equipo de Motor Audiovisual (Mat\u00edas Atuel Rodriguez, Pablo Funes e Ignacio Robiolo) y Utop\u00eda Producciones.<\/p>\n\n\n\n<figure class=\"wp-block-embed-youtube wp-block-embed is-type-video is-provider-youtube wp-embed-aspect-16-9 wp-has-aspect-ratio\"><div class=\"wp-block-embed__wrapper\">\n<div class=\"video-container\"><iframe loading=\"lazy\" title=\"Back 1 de &quot;La leyenda de la Laguna El Cristal&quot;\" width=\"500\" height=\"281\" src=\"https:\/\/www.youtube.com\/embed\/PyL5IOVG8yM?feature=oembed&#038;wmode=opaque\" frameborder=\"0\" allow=\"accelerometer; autoplay; clipboard-write; encrypted-media; gyroscope; picture-in-picture\" allowfullscreen><\/iframe><\/div>\n<\/div><\/figure>\n\n\n\n<p>Ahora el cortometraje competir\u00e1 en la categor\u00eda &#8220;Cortometrajes realizados por ni\u00f1as, ni\u00f1os y j\u00f3venes&#8221; en el festival Ojo al Piojo!. Es una propuesta que organiza desde el 2011 el Centro Audiovisual Rosario, que depende de la Secretar\u00eda de Cultura y Educaci\u00f3n de la Municipalidad de Rosario.<\/p>\n\n\n\n<figure class=\"wp-block-image size-large\"><img loading=\"lazy\" width=\"1024\" height=\"682\" src=\"http:\/\/www.revistarescatados.com.ar\/web\/wp-content\/uploads\/2021\/07\/Leyenda-El-Cristal-2-1024x682.jpg\" alt=\"\" class=\"wp-image-14742\" srcset=\"https:\/\/www.revistarescatados.com.ar\/web\/wp-content\/uploads\/2021\/07\/Leyenda-El-Cristal-2-1024x682.jpg 1024w, https:\/\/www.revistarescatados.com.ar\/web\/wp-content\/uploads\/2021\/07\/Leyenda-El-Cristal-2-300x200.jpg 300w, https:\/\/www.revistarescatados.com.ar\/web\/wp-content\/uploads\/2021\/07\/Leyenda-El-Cristal-2-768x512.jpg 768w, https:\/\/www.revistarescatados.com.ar\/web\/wp-content\/uploads\/2021\/07\/Leyenda-El-Cristal-2.jpg 1280w\" sizes=\"(max-width: 1024px) 100vw, 1024px\" \/><\/figure>\n","protected":false},"excerpt":{"rendered":"<p>El filme &#8220;La leyenda de la laguna El Cristal&#8221; &#8211; realizada por j\u00f3venes que formaron parte del taller Motor Audiovisual &#8211; participar\u00e1 de la 10\u00ba edici\u00f3n de Ojo al Piojo! Festival Internacional&#46;&#46;&#46;<\/p>\n","protected":false},"author":1,"featured_media":14742,"comment_status":"closed","ping_status":"closed","sticky":false,"template":"","format":"standard","meta":[],"categories":[2,7,3,16,8],"tags":[],"_links":{"self":[{"href":"https:\/\/www.revistarescatados.com.ar\/web\/wp-json\/wp\/v2\/posts\/14739"}],"collection":[{"href":"https:\/\/www.revistarescatados.com.ar\/web\/wp-json\/wp\/v2\/posts"}],"about":[{"href":"https:\/\/www.revistarescatados.com.ar\/web\/wp-json\/wp\/v2\/types\/post"}],"author":[{"embeddable":true,"href":"https:\/\/www.revistarescatados.com.ar\/web\/wp-json\/wp\/v2\/users\/1"}],"replies":[{"embeddable":true,"href":"https:\/\/www.revistarescatados.com.ar\/web\/wp-json\/wp\/v2\/comments?post=14739"}],"version-history":[{"count":1,"href":"https:\/\/www.revistarescatados.com.ar\/web\/wp-json\/wp\/v2\/posts\/14739\/revisions"}],"predecessor-version":[{"id":14743,"href":"https:\/\/www.revistarescatados.com.ar\/web\/wp-json\/wp\/v2\/posts\/14739\/revisions\/14743"}],"wp:featuredmedia":[{"embeddable":true,"href":"https:\/\/www.revistarescatados.com.ar\/web\/wp-json\/wp\/v2\/media\/14742"}],"wp:attachment":[{"href":"https:\/\/www.revistarescatados.com.ar\/web\/wp-json\/wp\/v2\/media?parent=14739"}],"wp:term":[{"taxonomy":"category","embeddable":true,"href":"https:\/\/www.revistarescatados.com.ar\/web\/wp-json\/wp\/v2\/categories?post=14739"},{"taxonomy":"post_tag","embeddable":true,"href":"https:\/\/www.revistarescatados.com.ar\/web\/wp-json\/wp\/v2\/tags?post=14739"}],"curies":[{"name":"wp","href":"https:\/\/api.w.org\/{rel}","templated":true}]}}