{"id":14811,"date":"2021-07-28T00:39:57","date_gmt":"2021-07-28T03:39:57","guid":{"rendered":"http:\/\/www.revistarescatados.com.ar\/web\/?p=14811"},"modified":"2021-07-28T00:40:04","modified_gmt":"2021-07-28T03:40:04","slug":"viralizan-campana-de-ayuda-solidaria-para-los-4-ninos-de-una-joven-madre-fallecida-por-covid-19-en-calchaqui","status":"publish","type":"post","link":"https:\/\/www.revistarescatados.com.ar\/web\/2021\/07\/28\/viralizan-campana-de-ayuda-solidaria-para-los-4-ninos-de-una-joven-madre-fallecida-por-covid-19-en-calchaqui\/","title":{"rendered":"Viralizan campa\u00f1a de ayuda solidaria para los 4 ni\u00f1os de una joven madre fallecida por covid-19 en Calchaqu\u00ed"},"content":{"rendered":"\n<p><strong><span class=\"has-inline-color has-vivid-red-color\">Es para colaborar con los abuelos a cargo de los peque\u00f1os hijos de Bel\u00e9n que ten\u00eda 23 a\u00f1os y hab\u00eda dado a luz gemelas hace tan solo 15 d\u00edas en Santa Fe. A pesar de tener s\u00edntomas, tres hisopados le dieron negativos y falleci\u00f3 en la ambulancia mientras era derivada.<\/span><\/strong><\/p>\n\n\n\n<p><br><\/p>\n\n\n\n<figure class=\"wp-block-image size-large\"><img loading=\"lazy\" width=\"726\" height=\"484\" src=\"http:\/\/www.revistarescatados.com.ar\/web\/wp-content\/uploads\/2021\/07\/ser-solidario.jpg\" alt=\"\" class=\"wp-image-14813\" srcset=\"https:\/\/www.revistarescatados.com.ar\/web\/wp-content\/uploads\/2021\/07\/ser-solidario.jpg 726w, https:\/\/www.revistarescatados.com.ar\/web\/wp-content\/uploads\/2021\/07\/ser-solidario-300x200.jpg 300w\" sizes=\"(max-width: 726px) 100vw, 726px\" \/><\/figure>\n\n\n\n<p>Mediante las redes sociales se ha viralizado un pedido de ayuda para los peque\u00f1os hijos de Bel\u00e9n Ponce, quien falleci\u00f3 este domingo mientras era traslada en ambulancia a Santa Fe por las secuelas del virus. <\/p>\n\n\n\n<p>Se solicitan ropas, calzados, alimentos, pa\u00f1ales y lo que se quiera donar para una ni\u00f1a de 4 a\u00f1os, un ni\u00f1o de 3 a\u00f1os y las gemelas (sietemesinas) nacidas el pasado 10 de julio en la maternidad del Hospital Iturraspe de Santa Fe.<\/p>\n\n\n\n<figure class=\"wp-block-image size-large\"><img loading=\"lazy\" width=\"682\" height=\"960\" src=\"http:\/\/www.revistarescatados.com.ar\/web\/wp-content\/uploads\/2021\/07\/pedido.jpg\" alt=\"\" class=\"wp-image-14812\" srcset=\"https:\/\/www.revistarescatados.com.ar\/web\/wp-content\/uploads\/2021\/07\/pedido.jpg 682w, https:\/\/www.revistarescatados.com.ar\/web\/wp-content\/uploads\/2021\/07\/pedido-213x300.jpg 213w\" sizes=\"(max-width: 682px) 100vw, 682px\" \/><\/figure>\n\n\n\n<p>Bel\u00e9n fue trasladada a Santa Fe el 9 de julio pasado para realizarse una ces\u00e1rea y dar a luz a sus gemelas, al d\u00eda siguiente. La joven madre fue hisopada al darle el alta y al arribar a la ciudad, con resultados negativos.<\/p>\n\n\n\n<p>Con el correr de los d\u00edas comenz\u00f3 a tener s\u00edntomas compatibles con covid, por lo cual volvi\u00f3 a consultar en el hospital de Calchaqu\u00ed, desde donde decidieron derivarla a Santa Fe, ya que presentaba falta de aire. Finalmente Bel\u00e9n Ponce falleci\u00f3 en el traslado producto de un infarto masivo.<\/p>\n","protected":false},"excerpt":{"rendered":"<p>Es para colaborar con los abuelos a cargo de los peque\u00f1os hijos de Bel\u00e9n que ten\u00eda 23 a\u00f1os y hab\u00eda dado a luz gemelas hace tan solo 15 d\u00edas en Santa Fe.&#46;&#46;&#46;<\/p>\n","protected":false},"author":1,"featured_media":14813,"comment_status":"closed","ping_status":"closed","sticky":false,"template":"","format":"standard","meta":[],"categories":[2,3,16,8],"tags":[],"_links":{"self":[{"href":"https:\/\/www.revistarescatados.com.ar\/web\/wp-json\/wp\/v2\/posts\/14811"}],"collection":[{"href":"https:\/\/www.revistarescatados.com.ar\/web\/wp-json\/wp\/v2\/posts"}],"about":[{"href":"https:\/\/www.revistarescatados.com.ar\/web\/wp-json\/wp\/v2\/types\/post"}],"author":[{"embeddable":true,"href":"https:\/\/www.revistarescatados.com.ar\/web\/wp-json\/wp\/v2\/users\/1"}],"replies":[{"embeddable":true,"href":"https:\/\/www.revistarescatados.com.ar\/web\/wp-json\/wp\/v2\/comments?post=14811"}],"version-history":[{"count":1,"href":"https:\/\/www.revistarescatados.com.ar\/web\/wp-json\/wp\/v2\/posts\/14811\/revisions"}],"predecessor-version":[{"id":14814,"href":"https:\/\/www.revistarescatados.com.ar\/web\/wp-json\/wp\/v2\/posts\/14811\/revisions\/14814"}],"wp:featuredmedia":[{"embeddable":true,"href":"https:\/\/www.revistarescatados.com.ar\/web\/wp-json\/wp\/v2\/media\/14813"}],"wp:attachment":[{"href":"https:\/\/www.revistarescatados.com.ar\/web\/wp-json\/wp\/v2\/media?parent=14811"}],"wp:term":[{"taxonomy":"category","embeddable":true,"href":"https:\/\/www.revistarescatados.com.ar\/web\/wp-json\/wp\/v2\/categories?post=14811"},{"taxonomy":"post_tag","embeddable":true,"href":"https:\/\/www.revistarescatados.com.ar\/web\/wp-json\/wp\/v2\/tags?post=14811"}],"curies":[{"name":"wp","href":"https:\/\/api.w.org\/{rel}","templated":true}]}}