{"id":14815,"date":"2021-07-29T00:07:29","date_gmt":"2021-07-29T03:07:29","guid":{"rendered":"http:\/\/www.revistarescatados.com.ar\/web\/?p=14815"},"modified":"2021-07-29T00:07:38","modified_gmt":"2021-07-29T03:07:38","slug":"la-provincia-de-santa-fe-descendio-al-tercer-puesto-en-el-analisis-de-la-siniestralidad-vial-en-el-pais","status":"publish","type":"post","link":"https:\/\/www.revistarescatados.com.ar\/web\/2021\/07\/29\/la-provincia-de-santa-fe-descendio-al-tercer-puesto-en-el-analisis-de-la-siniestralidad-vial-en-el-pais\/","title":{"rendered":"La provincia de Santa Fe descendi\u00f3 al tercer puesto en el an\u00e1lisis de la siniestralidad vial en el pa\u00eds"},"content":{"rendered":"\n<p><strong><span class=\"has-inline-color has-vivid-red-color\">La Agencia Nacional de Seguridad Vial (ANSV) emiti\u00f3 esta semana un informe preliminar de los datos sobre la siniestralidad vial en el pa\u00eds durante el primer semestre de este a\u00f1o, donde da cuenta que la provincia de Santa Fe descendi\u00f3 al tercer lugar en la lista, antecedida por las provincias de Buenos Aires y C\u00f3rdoba.<\/span><\/strong><\/p>\n\n\n\n<figure class=\"wp-block-image size-large\"><img loading=\"lazy\" width=\"960\" height=\"540\" src=\"http:\/\/www.revistarescatados.com.ar\/web\/wp-content\/uploads\/2021\/05\/choque-frontal.jpg\" alt=\"\" class=\"wp-image-13725\" srcset=\"https:\/\/www.revistarescatados.com.ar\/web\/wp-content\/uploads\/2021\/05\/choque-frontal.jpg 960w, https:\/\/www.revistarescatados.com.ar\/web\/wp-content\/uploads\/2021\/05\/choque-frontal-300x169.jpg 300w, https:\/\/www.revistarescatados.com.ar\/web\/wp-content\/uploads\/2021\/05\/choque-frontal-768x432.jpg 768w\" sizes=\"(max-width: 960px) 100vw, 960px\" \/><\/figure>\n\n\n\n<p><br>El estudio, que se realiza con datos relevados sobre siniestralidad vial provenientes de todas las jurisdicciones del pa\u00eds, detalla que del 1 de enero al 30 de junio de 2021 se registraron 144 siniestros con v\u00edctimas fatales y 161 v\u00edctimas fatales en el territorio santafesino. En Buenos Aires, por su parte, se relevaron 393 personas fallecidas, mientras que en C\u00f3rdoba el n\u00famero es de 175, lo que ubica a la provincia de Santa Fe en el tercer lugar de la lista.<\/p>\n\n\n\n<p>Al respecto, el subsecretario de Agencia Provincial de Seguridad Vial (APSV), Osvaldo Aymo, indic\u00f3 que \u201ces la primera vez en mucho tiempo que Santa Fe se ubica por debajo de Buenos Aires y C\u00f3rdoba en esta clasificaci\u00f3n, que si bien a\u00fan es preliminar, nos alientan a seguir trabajando en el mismo sentido que lo estamos haciendo\u201d.<\/p>\n\n\n\n<p><strong><span class=\"has-inline-color has-vivid-red-color\">MOTOCICLISTAS<\/span><\/strong><br>La segmentaci\u00f3n que hace en su informe la ANSV ubica a Santa Fe en el grupo de provincias con siniestralidad moderada pero estable. En cifras totales, se registraron en el pa\u00eds 1.501 siniestros con v\u00edctimas fatales y 1.675 personas fallecidas.<\/p>\n\n\n\n<p>Los datos preliminares y parciales aportados por Santa Fe indican que el 43% de las v\u00edctimas fatales eran conductores de motoveh\u00edculos, el 27% automovilistas, el 14% conductores de camioneta, el 9% ciclistas; el 4% peatones, y el 3% transporte de cargas.<\/p>\n\n\n\n<p>Seg\u00fan la directora de la APSV, Antonela Cerutti, \u201choy el comportamiento de las personas es una de las principales causas de siniestros viales y la responsabilidad estatal se visibiliza en la cantidad y calidad de los controles. Haber aumentado la fiscalizaci\u00f3n un 280% es un dato relevante. Fue decisi\u00f3n pol\u00edtica del gobernador Perotti estar presentes en las rutas con un claro mensaje: saber que los vamos a controlar. Si bien hay un factor en la circulaci\u00f3n que nos excede, que es el ambiental, s\u00ed tenemos la responsabilidad de ejercer control sobre los otros dos factores: el humano y el vehicular, sin olvidarnos que todos somos responsables de construir una conducci\u00f3n cuidadosa, atenta, responsable y anticipada\u201d.<\/p>\n\n\n\n<p><strong><span class=\"has-inline-color has-vivid-red-color\">EL TR\u00c1NSITO EN LA PROVINCIA<\/span><\/strong><br>Cabe destacar que la provincia de Santa Fe tiene caracter\u00edsticas especiales de tr\u00e1nsito y movilidad, lo que la diferencia de otras regiones del pa\u00eds en cuanto al volumen de circulaci\u00f3n en sus rutas. Cuenta con una red vial que atraviesa distintos escenarios geogr\u00e1ficos con sus particularidades clim\u00e1ticas, como la presencia de niebla o lluvias intensas en determinados per\u00edodos del a\u00f1o, lo que requiere reforzar las recomendaciones a los conductores.<\/p>\n\n\n\n<p>Tambi\u00e9n, al ser el principal polo agroportuario y aceitero del pa\u00eds, entre marzo y junio de cada a\u00f1o se desarrolla una intensa actividad de transporte de cargas hacia los puertos de la zona del cord\u00f3n industrial, cuya afluencia supera los 7.000 camiones diarios, con picos de hasta 15.000.<\/p>\n\n\n\n<p>La existencia de rutas nacionales y provinciales que atraviesan el territorio es otra particularidad que tiene Santa Fe, que hace que muchas de estas v\u00edas crucen \u00e1reas urbanas, con los riesgos que eso conlleva para sus habitantes.<\/p>\n\n\n\n<p><strong><span class=\"has-inline-color has-vivid-red-color\">EDUCACI\u00d3N, FORMACI\u00d3N Y DIFUSI\u00d3N<\/span><\/strong><br>\u201cEstos resultados preliminares representan el esfuerzo compartido que hacemos todos los d\u00edas los santafesinos para modificar nuestra cultura vial. Desde APSV promovemos el cambio a trav\u00e9s de distintas instancias de gesti\u00f3n: los espacios de educaci\u00f3n y formaci\u00f3n, las estrategias de difusi\u00f3n de las principales conductas de riesgo, e incluso las acciones de fiscalizaci\u00f3n con sus correspondientes sanciones a los conductores infractores, constituyen ejes sobre los que se apoyan los logros y avances en materia de seguridad vial en la provincia, que nos impulsa y compromete a redoblar los esfuerzos\u201d, agreg\u00f3 Aymo.<\/p>\n\n\n\n<p>Registro de hechos de tr\u00e1nsito con v\u00edctimas fatales y lesionados<br>La Direcci\u00f3n Provincial del Observatorio Vial de APSV recepciona informaci\u00f3n sobre lesionados y fallecidos de las distintas Unidades Regionales de la Polic\u00eda de la Provincia y desglosa los hechos con v\u00edctimas fatales (VF). Los datos se cruzan con el Ministerio de Salud y se incorporan otros provenientes de distintas fuentes.<\/p>\n\n\n\n<p>Con estos datos, a partir de 2009 se elaboran informes que permiten identificar los puntos y\/o tramos con mayor siniestralidad, evaluar medidas e intervenciones, y generar estad\u00edsticas para informar y concientizar a la sociedad.<\/p>\n\n\n\n<p>En 2011 la APSV incorpor\u00f3 el uso del Formulario Amarillo (FA) como herramienta para la recolecci\u00f3n de informaci\u00f3n sobre los hechos de tr\u00e1nsito en los cuales existen personas afectadas f\u00edsicamente. Ppara ello se capacita a quienes est\u00e1n involucrados en su registro y tambi\u00e9n a quienes realizan su carga en el sistema, con el objetivo de que esta tarea sea lo m\u00e1s eficaz posible. Actualmente se reciben aproximadamente 1.500 FA mensuales de toda la provincia.<\/p>\n\n\n\n<p>Los informes preliminares y definitivos est\u00e1n disponibles en el portal www.santafe.gov.ar para su acceso p\u00fablico y descarga.<\/p>\n","protected":false},"excerpt":{"rendered":"<p>La Agencia Nacional de Seguridad Vial (ANSV) emiti\u00f3 esta semana un informe preliminar de los datos sobre la siniestralidad vial en el pa\u00eds durante el primer semestre de este a\u00f1o, donde da&#46;&#46;&#46;<\/p>\n","protected":false},"author":1,"featured_media":13724,"comment_status":"closed","ping_status":"closed","sticky":false,"template":"","format":"standard","meta":[],"categories":[16,10,12,8],"tags":[],"_links":{"self":[{"href":"https:\/\/www.revistarescatados.com.ar\/web\/wp-json\/wp\/v2\/posts\/14815"}],"collection":[{"href":"https:\/\/www.revistarescatados.com.ar\/web\/wp-json\/wp\/v2\/posts"}],"about":[{"href":"https:\/\/www.revistarescatados.com.ar\/web\/wp-json\/wp\/v2\/types\/post"}],"author":[{"embeddable":true,"href":"https:\/\/www.revistarescatados.com.ar\/web\/wp-json\/wp\/v2\/users\/1"}],"replies":[{"embeddable":true,"href":"https:\/\/www.revistarescatados.com.ar\/web\/wp-json\/wp\/v2\/comments?post=14815"}],"version-history":[{"count":1,"href":"https:\/\/www.revistarescatados.com.ar\/web\/wp-json\/wp\/v2\/posts\/14815\/revisions"}],"predecessor-version":[{"id":14816,"href":"https:\/\/www.revistarescatados.com.ar\/web\/wp-json\/wp\/v2\/posts\/14815\/revisions\/14816"}],"wp:featuredmedia":[{"embeddable":true,"href":"https:\/\/www.revistarescatados.com.ar\/web\/wp-json\/wp\/v2\/media\/13724"}],"wp:attachment":[{"href":"https:\/\/www.revistarescatados.com.ar\/web\/wp-json\/wp\/v2\/media?parent=14815"}],"wp:term":[{"taxonomy":"category","embeddable":true,"href":"https:\/\/www.revistarescatados.com.ar\/web\/wp-json\/wp\/v2\/categories?post=14815"},{"taxonomy":"post_tag","embeddable":true,"href":"https:\/\/www.revistarescatados.com.ar\/web\/wp-json\/wp\/v2\/tags?post=14815"}],"curies":[{"name":"wp","href":"https:\/\/api.w.org\/{rel}","templated":true}]}}