{"id":14817,"date":"2021-07-29T00:19:32","date_gmt":"2021-07-29T03:19:32","guid":{"rendered":"http:\/\/www.revistarescatados.com.ar\/web\/?p=14817"},"modified":"2021-07-29T00:19:39","modified_gmt":"2021-07-29T03:19:39","slug":"inscriben-a-adolescentes-con-comorbilidades-para-recibir-la-vacuna-contra-el-covid-19-en-el-departamento-vera","status":"publish","type":"post","link":"https:\/\/www.revistarescatados.com.ar\/web\/2021\/07\/29\/inscriben-a-adolescentes-con-comorbilidades-para-recibir-la-vacuna-contra-el-covid-19-en-el-departamento-vera\/","title":{"rendered":"Inscriben a adolescentes con comorbilidades para recibir la vacuna contra el covid-19 en el departamento Vera"},"content":{"rendered":"\n<p><strong><span class=\"has-inline-color has-vivid-red-color\">Esta abierta la inscripci\u00f3n de las y los adolescentes a entre 12 y 17 a\u00f1os en los que se comenzar\u00e1 a aplicar la vacuna de Moderna contra la enfermedad COVID-19.<\/span><\/strong> <strong><span class=\"has-inline-color has-vivid-red-color\">\u00bfCu\u00e1les son las comorbilidades que se tienen en cuenta?<\/span><\/strong>.<\/p>\n\n\n\n<p><strong><span class=\"has-inline-color has-vivid-red-color\"> <\/span><\/strong><\/p>\n\n\n\n<figure class=\"wp-block-image size-large\"><img loading=\"lazy\" width=\"1024\" height=\"575\" src=\"http:\/\/www.revistarescatados.com.ar\/web\/wp-content\/uploads\/2021\/06\/Vacunacion-covid-19-1024x575.jpg\" alt=\"\" class=\"wp-image-14153\" srcset=\"https:\/\/www.revistarescatados.com.ar\/web\/wp-content\/uploads\/2021\/06\/Vacunacion-covid-19-1024x575.jpg 1024w, https:\/\/www.revistarescatados.com.ar\/web\/wp-content\/uploads\/2021\/06\/Vacunacion-covid-19-300x168.jpg 300w, https:\/\/www.revistarescatados.com.ar\/web\/wp-content\/uploads\/2021\/06\/Vacunacion-covid-19-768x431.jpg 768w, https:\/\/www.revistarescatados.com.ar\/web\/wp-content\/uploads\/2021\/06\/Vacunacion-covid-19.jpg 1140w\" sizes=\"(max-width: 1024px) 100vw, 1024px\" \/><\/figure>\n\n\n\n<p><span class=\"has-inline-color has-black-color\">De esta manera, la vacunaci\u00f3n en este grupo etario incluir\u00e1 en una primera etapa personas entre 12 a 17 a\u00f1os.<\/span><\/p>\n\n\n\n<p>Es importante considerar que todas las personas que asistan a la vacunaci\u00f3n con consentimiento voluntario entre los 13 y los 17 a\u00f1os o con el consentimiento mediante una declaraci\u00f3n que va a traer el padre o la madre para quienes tengan 12 o 13 a\u00f1os van a asistir siempre que cuenten con las comorbilidades que figuran en la web.<\/p>\n\n\n\n<p>Las personas comprendidas en este grupo son quienes padecen las siguientes comorbilidades:<\/p>\n\n\n\n<p><br>\u2022 Diabetes tipo 1 o 2.<br>\u2022 Obesidad grado 2 (IMC > 35) y grado 3 (IMC > 40).<br>\u2022 Enfermedad cardiovascular cr\u00f3nica: insuficiencia card\u00edaca, enfermedad coronaria, valvulopat\u00edas, miocardiopat\u00edas, hipertensi\u00f3n pulmonar. Cardiopat\u00edas cong\u00e9nitas.<br>\u2022 Enfermedad renal cr\u00f3nica (incluidos pacientes en di\u00e1lisis cr\u00f3nica y trasplantes). S\u00edndrome nefr\u00f3tico.<br>\u2022 Enfermedad respiratoria cr\u00f3nica: enfermedad pulmonar obstructiva cr\u00f3nica (EPOC), fibrosis qu\u00edstica, enfermedad intersticial pulmonar, asma grave. Requerimiento de ox\u00edgeno terapia. Enfermedad grave de la v\u00eda a\u00e9rea. Hospitalizaciones por asma.<br>\u2022 Enfermedad hep\u00e1tica: Cirrosis. Hepatitis autoinmune.<br>\u2022 Personas que viven con VIH independientemente del CD4 y CV.<br>\u2022 Pacientes en lista de espera para trasplante de \u00f3rganos s\u00f3lidos y trasplante de c\u00e9lulas hematopoy\u00e9ticas.<br>\u2022 Pacientes oncol\u00f3gicos y oncohematol\u00f3gicos con diagn\u00f3stico reciente o \u201cactiva\u201d.<br>\u2022 Personas con tuberculosis activa.<br>\u2022 Personas con discapacidad intelectual y del desarrollo.<br>\u2022 S\u00edndrome de Down.<br>\u2022 Personas con enfermedades autoinmunes y\/o tratamientos inmunosupresores, inmunomoduladores o biol\u00f3gicos.<\/p>\n","protected":false},"excerpt":{"rendered":"<p>Esta abierta la inscripci\u00f3n de las y los adolescentes a entre 12 y 17 a\u00f1os en los que se comenzar\u00e1 a aplicar la vacuna de Moderna contra la enfermedad COVID-19. \u00bfCu\u00e1les son&#46;&#46;&#46;<\/p>\n","protected":false},"author":1,"featured_media":14153,"comment_status":"closed","ping_status":"closed","sticky":false,"template":"","format":"standard","meta":[],"categories":[3,16,12,9],"tags":[],"_links":{"self":[{"href":"https:\/\/www.revistarescatados.com.ar\/web\/wp-json\/wp\/v2\/posts\/14817"}],"collection":[{"href":"https:\/\/www.revistarescatados.com.ar\/web\/wp-json\/wp\/v2\/posts"}],"about":[{"href":"https:\/\/www.revistarescatados.com.ar\/web\/wp-json\/wp\/v2\/types\/post"}],"author":[{"embeddable":true,"href":"https:\/\/www.revistarescatados.com.ar\/web\/wp-json\/wp\/v2\/users\/1"}],"replies":[{"embeddable":true,"href":"https:\/\/www.revistarescatados.com.ar\/web\/wp-json\/wp\/v2\/comments?post=14817"}],"version-history":[{"count":1,"href":"https:\/\/www.revistarescatados.com.ar\/web\/wp-json\/wp\/v2\/posts\/14817\/revisions"}],"predecessor-version":[{"id":14818,"href":"https:\/\/www.revistarescatados.com.ar\/web\/wp-json\/wp\/v2\/posts\/14817\/revisions\/14818"}],"wp:featuredmedia":[{"embeddable":true,"href":"https:\/\/www.revistarescatados.com.ar\/web\/wp-json\/wp\/v2\/media\/14153"}],"wp:attachment":[{"href":"https:\/\/www.revistarescatados.com.ar\/web\/wp-json\/wp\/v2\/media?parent=14817"}],"wp:term":[{"taxonomy":"category","embeddable":true,"href":"https:\/\/www.revistarescatados.com.ar\/web\/wp-json\/wp\/v2\/categories?post=14817"},{"taxonomy":"post_tag","embeddable":true,"href":"https:\/\/www.revistarescatados.com.ar\/web\/wp-json\/wp\/v2\/tags?post=14817"}],"curies":[{"name":"wp","href":"https:\/\/api.w.org\/{rel}","templated":true}]}}