{"id":14844,"date":"2021-08-02T09:57:16","date_gmt":"2021-08-02T12:57:16","guid":{"rendered":"http:\/\/www.revistarescatados.com.ar\/web\/?p=14844"},"modified":"2021-08-02T09:57:32","modified_gmt":"2021-08-02T12:57:32","slug":"la-provincia-celebra-la-semana-de-la-lactancia-materna","status":"publish","type":"post","link":"https:\/\/www.revistarescatados.com.ar\/web\/2021\/08\/02\/la-provincia-celebra-la-semana-de-la-lactancia-materna\/","title":{"rendered":"La provincia celebra la semana de la Lactancia Materna"},"content":{"rendered":"\n<p><\/p>\n\n\n\n<p><strong><span class=\"has-inline-color has-vivid-red-color\">Hasta el 7 de agosto se realizar\u00e1n diferentes acciones desde el Ministerio de Salud de la provincia con el lema: \u201cProteger la lactancia materna es una responsabilidad compartida\u201d.<\/span><\/strong><\/p>\n\n\n\n<figure class=\"wp-block-image size-large\"><img loading=\"lazy\" width=\"1024\" height=\"736\" src=\"http:\/\/www.revistarescatados.com.ar\/web\/wp-content\/uploads\/2021\/08\/lactancia.jpg\" alt=\"\" class=\"wp-image-14845\" srcset=\"https:\/\/www.revistarescatados.com.ar\/web\/wp-content\/uploads\/2021\/08\/lactancia.jpg 1024w, https:\/\/www.revistarescatados.com.ar\/web\/wp-content\/uploads\/2021\/08\/lactancia-300x216.jpg 300w, https:\/\/www.revistarescatados.com.ar\/web\/wp-content\/uploads\/2021\/08\/lactancia-768x552.jpg 768w\" sizes=\"(max-width: 1024px) 100vw, 1024px\" \/><\/figure>\n\n\n\n<p>El Gobierno de la provincia, a trav\u00e9s del Ministerio de Salud y la Direcci\u00f3n provincial de Ni\u00f1ez y Adolescencia recuerda que todos los a\u00f1os, a nivel mundial, se celebra durante la primera semana de agosto la Semana Mundial de la Lactancia Materna con el objetivo de promoverla e involucrar a toda la sociedad en el compromiso de sostener y acompa\u00f1ar a las familias en el proceso de generar los cimientos de un psiquismo y una alimentaci\u00f3n saludable para toda la vida, que comienzan desde el nacimiento.<\/p>\n\n\n\n<p>El lema de este a\u00f1o es \u201cProteger la lactancia materna es una responsabilidad compartida\u201d, explic\u00f3 la directora del \u00e1rea, Lic. Silvina Vaghetti quien afirm\u00f3 que \u201ces muy importante concientizar a la Comunidad sobre la necesidad de implementar \u2018Espacios amigos de la Lactancia\u2019 adem\u00e1s de dar a conocer la importancia de apoyar la lactancia, alentando y valorando a las personas que amamantan y a sus hijos\u201d.<\/p>\n\n\n\n<p><strong>Espacios Amigos de la Lactancia<\/strong><\/p>\n\n\n\n<p>\u201cLos Espacios amigos de la Lactancia garantizan y superan los derechos establecidos por la Ley de Trabajo, algo que implementamos a nivel provincial en diferentes dependencias\u201d, sostuvo la funcionaria provincial.<\/p>\n\n\n\n<p>Para finalizar, Silvina Vaghetti explic\u00f3 que \u201ccompartir tareas de cuidado y crianza, distribuir equitativamente quehaceres y responsabilidades es fundamental para comprender que la Lactancia es una responsabilidad compartida\u201d.<\/p>\n\n\n\n<p><strong>Redes de Apoyo<\/strong><br>La Lic. Pamela Wilkinson, psic\u00f3loga de la Direcci\u00f3n Provincial de Ni\u00f1ez y Adolescencia argument\u00f3 que &#8220;los inicios de la lactancia materna transcurren paralelamente al puerperio de la madre, en \u00e9ste momento tan vulnerable es importante el apoyo continuo y sostenido para el logro del establecimiento de la misma y de un adecuado v\u00ednculo de apego.&#8221;<\/p>\n\n\n\n<p>&#8220;Las redes de apoyo ( pareja, familia, amigos, tribu), son claves para el \u00e9xito y sostenimiento de la lactancia materna\u201d, explic\u00f3 la licenciada.<\/p>\n\n\n\n<p><strong>Objetivo Feminista<\/strong><br>La licenciada en psicolog\u00eda Melina Bielsa, tambi\u00e9n integrante de la Direcci\u00f3n, &#8220;La dependencia de cuidado ha sido tradicionalmente femenina y tradicionalmente desprestigiada. Reivindicar el valor y el prestigio de esta actividad es un objetivo feminista. Ergo, practicar hechos como la Lactancia Materna simboliza un ejemplo de actuaci\u00f3n feminista y una hermosa manera de cambiar al mundo hacia sociedades m\u00e1s pac\u00edficas&#8221;, finaliz\u00f3.<\/p>\n\n\n\n<p><strong>La importancia de la alimentaci\u00f3n<\/strong><br>Por su parte, la M\u00e9d. Ped. Florencia Fontana, pediatra del \u00e1rea reflexion\u00f3: \u201cCon los a\u00f1os hemos aprendido mucho respecto a nuestra alimentaci\u00f3n y la de nuestros hijos e hijas. Tenemos que tomar conciencia para llevar adelante una vida m\u00e1s saludable\u201d.<\/p>\n\n\n\n<p>\u201cEs importante tener un buen comienzo con la alimentaci\u00f3n humana, de nuestra propia especie y como a veces, puede haber dificultades para llevarla adelante, tenemos que capacitarnos y actualizarnos para poder acompa\u00f1ar a las familias en este camino desde distintos lugares: salud, escuela, comunidad, sociedad\u201d, argument\u00f3 la especialista.<\/p>\n\n\n\n<p><strong>Capacitaciones virtuales<\/strong><br>Como consecuencia de la pandemia las capacitaciones se realizan virtualmente con el desarrollo actual del curso Alimentaci\u00f3n Infantil. \u201cEs un buen comienzo para una vida saludable que sirve para formaci\u00f3n de todo el personal que se desempe\u00f1a con madres y ni\u00f1os, ni\u00f1as y adolescentes lo cual tambi\u00e9n permite acreditar como Instituci\u00f3n Amiga de la Lactancia\u201d, que es una estrategia para apoyar la lactancia a nivel mundial que llevamos adelante desde esta Direcci\u00f3n para las instituciones tanto a nivel p\u00fablico como privado\u201d, finaliz\u00f3 la pediatra Florencia Fontana.<\/p>\n","protected":false},"excerpt":{"rendered":"<p>Hasta el 7 de agosto se realizar\u00e1n diferentes acciones desde el Ministerio de Salud de la provincia con el lema: \u201cProteger la lactancia materna es una responsabilidad compartida\u201d. El Gobierno de la&#46;&#46;&#46;<\/p>\n","protected":false},"author":1,"featured_media":14845,"comment_status":"closed","ping_status":"closed","sticky":false,"template":"","format":"standard","meta":[],"categories":[16,12,8],"tags":[],"_links":{"self":[{"href":"https:\/\/www.revistarescatados.com.ar\/web\/wp-json\/wp\/v2\/posts\/14844"}],"collection":[{"href":"https:\/\/www.revistarescatados.com.ar\/web\/wp-json\/wp\/v2\/posts"}],"about":[{"href":"https:\/\/www.revistarescatados.com.ar\/web\/wp-json\/wp\/v2\/types\/post"}],"author":[{"embeddable":true,"href":"https:\/\/www.revistarescatados.com.ar\/web\/wp-json\/wp\/v2\/users\/1"}],"replies":[{"embeddable":true,"href":"https:\/\/www.revistarescatados.com.ar\/web\/wp-json\/wp\/v2\/comments?post=14844"}],"version-history":[{"count":1,"href":"https:\/\/www.revistarescatados.com.ar\/web\/wp-json\/wp\/v2\/posts\/14844\/revisions"}],"predecessor-version":[{"id":14846,"href":"https:\/\/www.revistarescatados.com.ar\/web\/wp-json\/wp\/v2\/posts\/14844\/revisions\/14846"}],"wp:featuredmedia":[{"embeddable":true,"href":"https:\/\/www.revistarescatados.com.ar\/web\/wp-json\/wp\/v2\/media\/14845"}],"wp:attachment":[{"href":"https:\/\/www.revistarescatados.com.ar\/web\/wp-json\/wp\/v2\/media?parent=14844"}],"wp:term":[{"taxonomy":"category","embeddable":true,"href":"https:\/\/www.revistarescatados.com.ar\/web\/wp-json\/wp\/v2\/categories?post=14844"},{"taxonomy":"post_tag","embeddable":true,"href":"https:\/\/www.revistarescatados.com.ar\/web\/wp-json\/wp\/v2\/tags?post=14844"}],"curies":[{"name":"wp","href":"https:\/\/api.w.org\/{rel}","templated":true}]}}