{"id":14847,"date":"2021-08-02T20:40:02","date_gmt":"2021-08-02T23:40:02","guid":{"rendered":"http:\/\/www.revistarescatados.com.ar\/web\/?p=14847"},"modified":"2021-08-02T20:40:12","modified_gmt":"2021-08-02T23:40:12","slug":"pullaro-visito-el-departamento-san-justo","status":"publish","type":"post","link":"https:\/\/www.revistarescatados.com.ar\/web\/2021\/08\/02\/pullaro-visito-el-departamento-san-justo\/","title":{"rendered":"Pullaro visit\u00f3 el departamento San Justo"},"content":{"rendered":"\n<p><strong><span class=\"has-inline-color has-vivid-red-color\">El pre candidato a senador nacional en la interna de \u201cJuntos por el Cambio\u201d, Maximiliano Pullaro, estuvo presente este fin de semana en el vecino departamento San Justo. Visit\u00f3 las localidades de San Justo, Gobernador Crespo, y la Criolla.<\/span><\/strong><\/p>\n\n\n\n<figure class=\"wp-block-image size-large\"><img loading=\"lazy\" width=\"1024\" height=\"768\" src=\"http:\/\/www.revistarescatados.com.ar\/web\/wp-content\/uploads\/2021\/08\/Pullaro-en-La-Criolla-1024x768.jpg\" alt=\"\" class=\"wp-image-14848\" srcset=\"https:\/\/www.revistarescatados.com.ar\/web\/wp-content\/uploads\/2021\/08\/Pullaro-en-La-Criolla-1024x768.jpg 1024w, https:\/\/www.revistarescatados.com.ar\/web\/wp-content\/uploads\/2021\/08\/Pullaro-en-La-Criolla-300x225.jpg 300w, https:\/\/www.revistarescatados.com.ar\/web\/wp-content\/uploads\/2021\/08\/Pullaro-en-La-Criolla-768x576.jpg 768w, https:\/\/www.revistarescatados.com.ar\/web\/wp-content\/uploads\/2021\/08\/Pullaro-en-La-Criolla.jpg 1280w\" sizes=\"(max-width: 1024px) 100vw, 1024px\" \/><\/figure>\n\n\n\n<p><br>En su agenda del d\u00eda domingo se reuni\u00f3 con candidatos y dirigentes de la UCR del departamento San Justo manifestando que &#8220;el proyecto que tenemos es nacional y provincial. Estamos construyendo una alternativa para hacer un pa\u00eds diferente&#8221;. <\/p>\n\n\n\n<p>Asimismo, recorri\u00f3 la feria de reproductores de ganados de la Criolla, donde participaron, Juliana Caillat y Azul Alarc\u00f3n, j\u00f3venes dirigentes de la UCR de la localidad de Calchaqu\u00ed. El candidato manifest\u00f3 que &#8220;el campo y sus derivados generan ingresos valiosos para el pa\u00eds y la provincia. Hay que incentivar el trabajo y no al rev\u00e9s con restricciones&#8221;.<\/p>\n\n\n\n<p><br>En toda su agenda fue acompa\u00f1ado por Rodrigo Borla, quien ser\u00e1 tercer candidato a diputado de su lista #EVOLUCI\u00d3N, y los diputados provinciales Bast\u00eda y Candido y el senador Michlig.<\/p>\n\n\n\n<p><br>Asimismo el diputado y ex ministro de seguridad provincial agradeci\u00f3 a los ciudadanos de Calchaqu\u00ed que prestaron su aval para la lista. Con respecto a ella, destac\u00f3 que &#8220;se trata de una lista homog\u00e9nea y que representa a toda la provincia&#8221;.<\/p>\n","protected":false},"excerpt":{"rendered":"<p>El pre candidato a senador nacional en la interna de \u201cJuntos por el Cambio\u201d, Maximiliano Pullaro, estuvo presente este fin de semana en el vecino departamento San Justo. Visit\u00f3 las localidades de&#46;&#46;&#46;<\/p>\n","protected":false},"author":1,"featured_media":14848,"comment_status":"closed","ping_status":"closed","sticky":false,"template":"","format":"standard","meta":[],"categories":[4,16,13],"tags":[],"_links":{"self":[{"href":"https:\/\/www.revistarescatados.com.ar\/web\/wp-json\/wp\/v2\/posts\/14847"}],"collection":[{"href":"https:\/\/www.revistarescatados.com.ar\/web\/wp-json\/wp\/v2\/posts"}],"about":[{"href":"https:\/\/www.revistarescatados.com.ar\/web\/wp-json\/wp\/v2\/types\/post"}],"author":[{"embeddable":true,"href":"https:\/\/www.revistarescatados.com.ar\/web\/wp-json\/wp\/v2\/users\/1"}],"replies":[{"embeddable":true,"href":"https:\/\/www.revistarescatados.com.ar\/web\/wp-json\/wp\/v2\/comments?post=14847"}],"version-history":[{"count":1,"href":"https:\/\/www.revistarescatados.com.ar\/web\/wp-json\/wp\/v2\/posts\/14847\/revisions"}],"predecessor-version":[{"id":14849,"href":"https:\/\/www.revistarescatados.com.ar\/web\/wp-json\/wp\/v2\/posts\/14847\/revisions\/14849"}],"wp:featuredmedia":[{"embeddable":true,"href":"https:\/\/www.revistarescatados.com.ar\/web\/wp-json\/wp\/v2\/media\/14848"}],"wp:attachment":[{"href":"https:\/\/www.revistarescatados.com.ar\/web\/wp-json\/wp\/v2\/media?parent=14847"}],"wp:term":[{"taxonomy":"category","embeddable":true,"href":"https:\/\/www.revistarescatados.com.ar\/web\/wp-json\/wp\/v2\/categories?post=14847"},{"taxonomy":"post_tag","embeddable":true,"href":"https:\/\/www.revistarescatados.com.ar\/web\/wp-json\/wp\/v2\/tags?post=14847"}],"curies":[{"name":"wp","href":"https:\/\/api.w.org\/{rel}","templated":true}]}}