{"id":14867,"date":"2021-08-03T16:21:33","date_gmt":"2021-08-03T19:21:33","guid":{"rendered":"http:\/\/www.revistarescatados.com.ar\/web\/?p=14867"},"modified":"2021-08-03T16:21:39","modified_gmt":"2021-08-03T19:21:39","slug":"comenzo-la-vacunacion-a-menores-de-18-anos-con-factores-de-riesgo-en-calchaqui","status":"publish","type":"post","link":"https:\/\/www.revistarescatados.com.ar\/web\/2021\/08\/03\/comenzo-la-vacunacion-a-menores-de-18-anos-con-factores-de-riesgo-en-calchaqui\/","title":{"rendered":"Comenz\u00f3 la vacunaci\u00f3n a menores de 18 a\u00f1os con factores de riesgo en Calchaqu\u00ed"},"content":{"rendered":"\n<p><strong><span class=\"has-inline-color has-vivid-red-color\">Este martes, inici\u00f3 la vacunaci\u00f3n de adolescentes entre 12 a 17 a\u00f1os, priorizados seg\u00fan condiciones de riesgo. Recibieron la primera dosis de la vacuna Moderna contra el COVID-19 en el Hospital &#8220;Ricardo Aldao&#8221;.<\/span><\/strong><\/p>\n\n\n\n<p><\/p>\n\n\n\n<figure class=\"wp-block-image size-large\"><img loading=\"lazy\" width=\"960\" height=\"720\" src=\"http:\/\/www.revistarescatados.com.ar\/web\/wp-content\/uploads\/2021\/08\/Hospital-Calchaqui.jpg\" alt=\"\" class=\"wp-image-14868\" srcset=\"https:\/\/www.revistarescatados.com.ar\/web\/wp-content\/uploads\/2021\/08\/Hospital-Calchaqui.jpg 960w, https:\/\/www.revistarescatados.com.ar\/web\/wp-content\/uploads\/2021\/08\/Hospital-Calchaqui-300x225.jpg 300w, https:\/\/www.revistarescatados.com.ar\/web\/wp-content\/uploads\/2021\/08\/Hospital-Calchaqui-768x576.jpg 768w\" sizes=\"(max-width: 960px) 100vw, 960px\" \/><\/figure>\n\n\n\n<p>Este martes, el Ministerio de Salud inici\u00f3 la vacunaci\u00f3n contra el Covid 19 a menores de 18 a\u00f1os en toda la provincia. La poblaci\u00f3n objetivo son personas mayores de 12 a\u00f1os y menores de 18 a\u00f1os con comorbilidades, ya que se ubican en los grupos priorizados, definido por la Comisi\u00f3n Nacional de Inmunizaciones y los comit\u00e9s de expertos, y la Sociedad Argentina de Pediatr\u00eda.<\/p>\n\n\n\n<p>Cabe se\u00f1alar que entre las comorbilidades se encuentran: obesidad, diabetes, enfermedades cr\u00f3nicas, tanto renales como pulmonares o card\u00edacas; quienes cuenten con el certificado \u00fanico de discapacidad, personas con inmunodeficiencia, personas adolescentes embarazadas, entre otros factores que pueden chequearse ingresando a la p\u00e1gina de la provincia\u00a0<a href=\"https:\/\/www.santafe.gob.ar\/santafevacunacovid\/inicio\" target=\"_blank\" rel=\"noreferrer noopener\">https:\/\/www.santafe.gob.ar\/santafevacunacovid\/inicio<\/a><\/p>\n\n\n\n<p><\/p>\n\n\n\n<figure class=\"wp-block-image size-large\"><img loading=\"lazy\" width=\"901\" height=\"676\" src=\"http:\/\/www.revistarescatados.com.ar\/web\/wp-content\/uploads\/2021\/08\/Vacunacion.jpg\" alt=\"\" class=\"wp-image-14869\" srcset=\"https:\/\/www.revistarescatados.com.ar\/web\/wp-content\/uploads\/2021\/08\/Vacunacion.jpg 901w, https:\/\/www.revistarescatados.com.ar\/web\/wp-content\/uploads\/2021\/08\/Vacunacion-300x225.jpg 300w, https:\/\/www.revistarescatados.com.ar\/web\/wp-content\/uploads\/2021\/08\/Vacunacion-768x576.jpg 768w\" sizes=\"(max-width: 901px) 100vw, 901px\" \/><\/figure>\n\n\n\n<p>Ingresaron 70.280 dosis a la provincia. Hay un universo estimado en 80 mil personas pero inscriptos solo est\u00e1 el 25%. Por este motivo, el Ministerio de Salud aconseja que &#8220;se comuniquen con el o la pediatra para ver si recomienda iniciar con la vacunaci\u00f3n\u201d.<\/p>\n","protected":false},"excerpt":{"rendered":"<p>Este martes, inici\u00f3 la vacunaci\u00f3n de adolescentes entre 12 a 17 a\u00f1os, priorizados seg\u00fan condiciones de riesgo. Recibieron la primera dosis de la vacuna Moderna contra el COVID-19 en el Hospital &#8220;Ricardo&#46;&#46;&#46;<\/p>\n","protected":false},"author":1,"featured_media":14869,"comment_status":"closed","ping_status":"closed","sticky":false,"template":"","format":"standard","meta":[],"categories":[2,3,16,9,8],"tags":[],"_links":{"self":[{"href":"https:\/\/www.revistarescatados.com.ar\/web\/wp-json\/wp\/v2\/posts\/14867"}],"collection":[{"href":"https:\/\/www.revistarescatados.com.ar\/web\/wp-json\/wp\/v2\/posts"}],"about":[{"href":"https:\/\/www.revistarescatados.com.ar\/web\/wp-json\/wp\/v2\/types\/post"}],"author":[{"embeddable":true,"href":"https:\/\/www.revistarescatados.com.ar\/web\/wp-json\/wp\/v2\/users\/1"}],"replies":[{"embeddable":true,"href":"https:\/\/www.revistarescatados.com.ar\/web\/wp-json\/wp\/v2\/comments?post=14867"}],"version-history":[{"count":1,"href":"https:\/\/www.revistarescatados.com.ar\/web\/wp-json\/wp\/v2\/posts\/14867\/revisions"}],"predecessor-version":[{"id":14870,"href":"https:\/\/www.revistarescatados.com.ar\/web\/wp-json\/wp\/v2\/posts\/14867\/revisions\/14870"}],"wp:featuredmedia":[{"embeddable":true,"href":"https:\/\/www.revistarescatados.com.ar\/web\/wp-json\/wp\/v2\/media\/14869"}],"wp:attachment":[{"href":"https:\/\/www.revistarescatados.com.ar\/web\/wp-json\/wp\/v2\/media?parent=14867"}],"wp:term":[{"taxonomy":"category","embeddable":true,"href":"https:\/\/www.revistarescatados.com.ar\/web\/wp-json\/wp\/v2\/categories?post=14867"},{"taxonomy":"post_tag","embeddable":true,"href":"https:\/\/www.revistarescatados.com.ar\/web\/wp-json\/wp\/v2\/tags?post=14867"}],"curies":[{"name":"wp","href":"https:\/\/api.w.org\/{rel}","templated":true}]}}