{"id":14871,"date":"2021-08-03T16:44:26","date_gmt":"2021-08-03T19:44:26","guid":{"rendered":"http:\/\/www.revistarescatados.com.ar\/web\/?p=14871"},"modified":"2021-08-03T16:44:39","modified_gmt":"2021-08-03T19:44:39","slug":"descenso-de-casos-positivos-en-calchaqui-se-confirmaron-16-contagios-en-los-ultimos-3-dias","status":"publish","type":"post","link":"https:\/\/www.revistarescatados.com.ar\/web\/2021\/08\/03\/descenso-de-casos-positivos-en-calchaqui-se-confirmaron-16-contagios-en-los-ultimos-3-dias\/","title":{"rendered":"Descenso de casos positivos en Calchaqu\u00ed: Se confirmaron 16 contagios en los \u00faltimos 3 d\u00edas"},"content":{"rendered":"\n<p><strong><span class=\"has-inline-color has-vivid-red-color\">Solo se detectaron 4 casos positivos durante el s\u00e1bado y domingo; mientras que este lunes se sumaron 12 nuevos contagios detectados mediante test r\u00e1pidos. Hay 61 pacientes activos y 10 internados.<\/span><\/strong><\/p>\n\n\n\n<p>Este lunes 2 de agosto se realizaron 23 PCR y se est\u00e1  a la espera de resultados. Se realizaron 36 test r\u00e1pidos, confirm\u00e1ndose 12 casos positivos.<\/p>\n\n\n\n<p><br>Hay 61 casos activos: 2 internados en Santa Fe, 1 en Rafaela, 2 en Reconquista, 2 en Vera, 3 en el SAMCo y el esto en sus domicilios.<\/p>\n\n\n\n<p>A nivel departamental se detectaron 17 nuevos casos: 12 en Calchaqu\u00ed, 4 en Vera y 1 en Margarita.<\/p>\n\n\n\n<figure class=\"wp-block-image size-large\"><img loading=\"lazy\" width=\"1024\" height=\"1015\" src=\"http:\/\/www.revistarescatados.com.ar\/web\/wp-content\/uploads\/2021\/08\/REPORTE-EPIDEMIOLOGICO-02-08-1-1024x1015.jpg\" alt=\"\" class=\"wp-image-14873\" srcset=\"https:\/\/www.revistarescatados.com.ar\/web\/wp-content\/uploads\/2021\/08\/REPORTE-EPIDEMIOLOGICO-02-08-1-1024x1015.jpg 1024w, https:\/\/www.revistarescatados.com.ar\/web\/wp-content\/uploads\/2021\/08\/REPORTE-EPIDEMIOLOGICO-02-08-1-300x297.jpg 300w, https:\/\/www.revistarescatados.com.ar\/web\/wp-content\/uploads\/2021\/08\/REPORTE-EPIDEMIOLOGICO-02-08-1-150x150.jpg 150w, https:\/\/www.revistarescatados.com.ar\/web\/wp-content\/uploads\/2021\/08\/REPORTE-EPIDEMIOLOGICO-02-08-1-768x761.jpg 768w, https:\/\/www.revistarescatados.com.ar\/web\/wp-content\/uploads\/2021\/08\/REPORTE-EPIDEMIOLOGICO-02-08-1-80x80.jpg 80w, https:\/\/www.revistarescatados.com.ar\/web\/wp-content\/uploads\/2021\/08\/REPORTE-EPIDEMIOLOGICO-02-08-1.jpg 1080w\" sizes=\"(max-width: 1024px) 100vw, 1024px\" \/><\/figure>\n","protected":false},"excerpt":{"rendered":"<p>Solo se detectaron 4 casos positivos durante el s\u00e1bado y domingo; mientras que este lunes se sumaron 12 nuevos contagios detectados mediante test r\u00e1pidos. Hay 61 pacientes activos y 10 internados. Este&#46;&#46;&#46;<\/p>\n","protected":false},"author":1,"featured_media":14868,"comment_status":"closed","ping_status":"closed","sticky":false,"template":"","format":"standard","meta":[],"categories":[2,3,16,9],"tags":[],"_links":{"self":[{"href":"https:\/\/www.revistarescatados.com.ar\/web\/wp-json\/wp\/v2\/posts\/14871"}],"collection":[{"href":"https:\/\/www.revistarescatados.com.ar\/web\/wp-json\/wp\/v2\/posts"}],"about":[{"href":"https:\/\/www.revistarescatados.com.ar\/web\/wp-json\/wp\/v2\/types\/post"}],"author":[{"embeddable":true,"href":"https:\/\/www.revistarescatados.com.ar\/web\/wp-json\/wp\/v2\/users\/1"}],"replies":[{"embeddable":true,"href":"https:\/\/www.revistarescatados.com.ar\/web\/wp-json\/wp\/v2\/comments?post=14871"}],"version-history":[{"count":1,"href":"https:\/\/www.revistarescatados.com.ar\/web\/wp-json\/wp\/v2\/posts\/14871\/revisions"}],"predecessor-version":[{"id":14874,"href":"https:\/\/www.revistarescatados.com.ar\/web\/wp-json\/wp\/v2\/posts\/14871\/revisions\/14874"}],"wp:featuredmedia":[{"embeddable":true,"href":"https:\/\/www.revistarescatados.com.ar\/web\/wp-json\/wp\/v2\/media\/14868"}],"wp:attachment":[{"href":"https:\/\/www.revistarescatados.com.ar\/web\/wp-json\/wp\/v2\/media?parent=14871"}],"wp:term":[{"taxonomy":"category","embeddable":true,"href":"https:\/\/www.revistarescatados.com.ar\/web\/wp-json\/wp\/v2\/categories?post=14871"},{"taxonomy":"post_tag","embeddable":true,"href":"https:\/\/www.revistarescatados.com.ar\/web\/wp-json\/wp\/v2\/tags?post=14871"}],"curies":[{"name":"wp","href":"https:\/\/api.w.org\/{rel}","templated":true}]}}