{"id":14880,"date":"2021-08-04T00:51:29","date_gmt":"2021-08-04T03:51:29","guid":{"rendered":"http:\/\/www.revistarescatados.com.ar\/web\/?p=14880"},"modified":"2021-08-04T00:51:43","modified_gmt":"2021-08-04T03:51:43","slug":"alertan-por-estafas-telefonicas-y-mediante-whatsapp-en-el-departamento-vera","status":"publish","type":"post","link":"https:\/\/www.revistarescatados.com.ar\/web\/2021\/08\/04\/alertan-por-estafas-telefonicas-y-mediante-whatsapp-en-el-departamento-vera\/","title":{"rendered":"Alertan por estafas telef\u00f3nicas y mediante WhatsApp en el departamento Vera"},"content":{"rendered":"\n<p><strong><span class=\"has-inline-color has-vivid-red-color\">Durante el fin de semana, se denunciaron intentos de secuestros virtuales en Vera, Margarita y Calchaqu\u00ed. Solicitan dinero a cambio de liberar un familiar supuestamente secuestrado.<\/span><\/strong><\/p>\n\n\n\n<figure class=\"wp-block-image size-large\"><img loading=\"lazy\" width=\"664\" height=\"446\" src=\"http:\/\/www.revistarescatados.com.ar\/web\/wp-content\/uploads\/2021\/08\/estafa.jpg\" alt=\"\" class=\"wp-image-14881\" srcset=\"https:\/\/www.revistarescatados.com.ar\/web\/wp-content\/uploads\/2021\/08\/estafa.jpg 664w, https:\/\/www.revistarescatados.com.ar\/web\/wp-content\/uploads\/2021\/08\/estafa-300x202.jpg 300w\" sizes=\"(max-width: 664px) 100vw, 664px\" \/><\/figure>\n\n\n\n<p> La Unidad Regional XIX- Dpto. Vera, reitera a la poblaci\u00f3n en general NO brindar datos personales, ni pactar entregas de Valores (dinero, d\u00f3lares; etc) ante llamadas telef\u00f3nicas en la que solicitan datos personales y\/o claves bancarias etc; como as\u00ed aducen que alg\u00fan familiar fue v\u00edctima de secuestro y\/o accidente solicitando a cambio alg\u00fan valor monetario ya sea en pesos y\/o d\u00f3lares. <\/p>\n\n\n\n<p>Ante esta situaci\u00f3n la URXIX- Vera Sugiere CORTAR DE INMEDIATO LA LLAMADA y dar aviso a la COMISARIA m\u00e1s cercana a su domicilio.<\/p>\n\n\n\n<p>Asimismo en la fecha se han recepcionado denuncias en la que recibieron mensajes en sus tel\u00e9fonos v\u00eda WHATSAPP Y\/O MENSAJES DE TEXTO en la que env\u00edan un CODIGO; al reenviar el c\u00f3digo bloquean sus cuenta WHATSAPP; HACIENDOSE ASI DE SUS DATOS PERSONALES SIENDO VICTIMAS DE PRESUNTAS ESTAFAS.<\/p>\n\n\n\n<p> Ante la recepci\u00f3n de cualquiera de estas modalidades por favor se recomienda no contestarlo y\/o no reenviarlos. DENUNCIE LA ACCION EN COMISARIA M\u00c1S CERCANA A SU DOMICILIO.-<\/p>\n","protected":false},"excerpt":{"rendered":"<p>Durante el fin de semana, se denunciaron intentos de secuestros virtuales en Vera, Margarita y Calchaqu\u00ed. Solicitan dinero a cambio de liberar un familiar supuestamente secuestrado. La Unidad Regional XIX- Dpto. Vera,&#46;&#46;&#46;<\/p>\n","protected":false},"author":1,"featured_media":14881,"comment_status":"closed","ping_status":"closed","sticky":false,"template":"","format":"standard","meta":[],"categories":[2,3,16,11,8],"tags":[],"_links":{"self":[{"href":"https:\/\/www.revistarescatados.com.ar\/web\/wp-json\/wp\/v2\/posts\/14880"}],"collection":[{"href":"https:\/\/www.revistarescatados.com.ar\/web\/wp-json\/wp\/v2\/posts"}],"about":[{"href":"https:\/\/www.revistarescatados.com.ar\/web\/wp-json\/wp\/v2\/types\/post"}],"author":[{"embeddable":true,"href":"https:\/\/www.revistarescatados.com.ar\/web\/wp-json\/wp\/v2\/users\/1"}],"replies":[{"embeddable":true,"href":"https:\/\/www.revistarescatados.com.ar\/web\/wp-json\/wp\/v2\/comments?post=14880"}],"version-history":[{"count":1,"href":"https:\/\/www.revistarescatados.com.ar\/web\/wp-json\/wp\/v2\/posts\/14880\/revisions"}],"predecessor-version":[{"id":14882,"href":"https:\/\/www.revistarescatados.com.ar\/web\/wp-json\/wp\/v2\/posts\/14880\/revisions\/14882"}],"wp:featuredmedia":[{"embeddable":true,"href":"https:\/\/www.revistarescatados.com.ar\/web\/wp-json\/wp\/v2\/media\/14881"}],"wp:attachment":[{"href":"https:\/\/www.revistarescatados.com.ar\/web\/wp-json\/wp\/v2\/media?parent=14880"}],"wp:term":[{"taxonomy":"category","embeddable":true,"href":"https:\/\/www.revistarescatados.com.ar\/web\/wp-json\/wp\/v2\/categories?post=14880"},{"taxonomy":"post_tag","embeddable":true,"href":"https:\/\/www.revistarescatados.com.ar\/web\/wp-json\/wp\/v2\/tags?post=14880"}],"curies":[{"name":"wp","href":"https:\/\/api.w.org\/{rel}","templated":true}]}}