{"id":14986,"date":"2021-08-18T01:15:40","date_gmt":"2021-08-18T04:15:40","guid":{"rendered":"https:\/\/www.revistarescatados.com.ar\/web\/?p=14986"},"modified":"2021-08-18T01:15:54","modified_gmt":"2021-08-18T04:15:54","slug":"recuperaron-una-moto-robada-y-desmantelada-en-calchaqui","status":"publish","type":"post","link":"https:\/\/www.revistarescatados.com.ar\/web\/2021\/08\/18\/recuperaron-una-moto-robada-y-desmantelada-en-calchaqui\/","title":{"rendered":"Recuperaron una moto robada y desmantelada en Calchaqu\u00ed"},"content":{"rendered":"\n<figure class=\"wp-block-image size-large\"><img loading=\"lazy\" width=\"1024\" height=\"576\" src=\"https:\/\/www.revistarescatados.com.ar\/web\/wp-content\/uploads\/2021\/08\/moto-recuperada-por-personal-Cria-Segunda-de-Calchaqui-fecha-14-agosto-1024x576.jpeg\" alt=\"\" class=\"wp-image-14987\" srcset=\"https:\/\/www.revistarescatados.com.ar\/web\/wp-content\/uploads\/2021\/08\/moto-recuperada-por-personal-Cria-Segunda-de-Calchaqui-fecha-14-agosto-1024x576.jpeg 1024w, https:\/\/www.revistarescatados.com.ar\/web\/wp-content\/uploads\/2021\/08\/moto-recuperada-por-personal-Cria-Segunda-de-Calchaqui-fecha-14-agosto-300x169.jpeg 300w, https:\/\/www.revistarescatados.com.ar\/web\/wp-content\/uploads\/2021\/08\/moto-recuperada-por-personal-Cria-Segunda-de-Calchaqui-fecha-14-agosto-768x432.jpeg 768w, https:\/\/www.revistarescatados.com.ar\/web\/wp-content\/uploads\/2021\/08\/moto-recuperada-por-personal-Cria-Segunda-de-Calchaqui-fecha-14-agosto.jpeg 1280w\" sizes=\"(max-width: 1024px) 100vw, 1024px\" \/><\/figure>\n\n\n\n<p><strong><span class=\"has-inline-color has-vivid-red-color\">Un joven de 21 a\u00f1os qued\u00f3 involucrado en el il\u00edcito. La polic\u00eda recuper\u00f3 las partes del rodado desde distintos puntos de la ciudad, ya que hab\u00eda sido desmantelado por el detenido.<\/span><\/strong><\/p>\n\n\n\n<p><\/p>\n\n\n\n<p>El pasado s\u00e1bado 14 de agosto, personal policial de la Comisaria Segunda de Calchaqu\u00ed recibe  la denuncia radicada por un vecino de ese medio a quien autore\/s ignorados le sustrajeron una moto de su propiedad.<\/p>\n\n\n\n<p> Mediante diligencias investigativas establecen que no ser\u00eda ajeno al il\u00edcito un joven de 21 a\u00f1os de<br>edad. Por lo que procedieron al secuestro preventivo del motovehiculo siendo aprehendido el causante.<\/p>\n\n\n\n<p> Asimismo personal actuante de diferentes puntos de la ciudad procedieron al secuestro de partes de la moto (pl\u00e1sticos) que fuera desmantelada por el sujeto.- Se prosiguen diligencias<br>con intervenci\u00f3n del fiscal en turno.-<\/p>\n","protected":false},"excerpt":{"rendered":"<p>Un joven de 21 a\u00f1os qued\u00f3 involucrado en el il\u00edcito. La polic\u00eda recuper\u00f3 las partes del rodado desde distintos puntos de la ciudad, ya que hab\u00eda sido desmantelado por el detenido. El&#46;&#46;&#46;<\/p>\n","protected":false},"author":1,"featured_media":14987,"comment_status":"closed","ping_status":"closed","sticky":false,"template":"","format":"standard","meta":[],"categories":[2,3,16,11],"tags":[],"_links":{"self":[{"href":"https:\/\/www.revistarescatados.com.ar\/web\/wp-json\/wp\/v2\/posts\/14986"}],"collection":[{"href":"https:\/\/www.revistarescatados.com.ar\/web\/wp-json\/wp\/v2\/posts"}],"about":[{"href":"https:\/\/www.revistarescatados.com.ar\/web\/wp-json\/wp\/v2\/types\/post"}],"author":[{"embeddable":true,"href":"https:\/\/www.revistarescatados.com.ar\/web\/wp-json\/wp\/v2\/users\/1"}],"replies":[{"embeddable":true,"href":"https:\/\/www.revistarescatados.com.ar\/web\/wp-json\/wp\/v2\/comments?post=14986"}],"version-history":[{"count":1,"href":"https:\/\/www.revistarescatados.com.ar\/web\/wp-json\/wp\/v2\/posts\/14986\/revisions"}],"predecessor-version":[{"id":14988,"href":"https:\/\/www.revistarescatados.com.ar\/web\/wp-json\/wp\/v2\/posts\/14986\/revisions\/14988"}],"wp:featuredmedia":[{"embeddable":true,"href":"https:\/\/www.revistarescatados.com.ar\/web\/wp-json\/wp\/v2\/media\/14987"}],"wp:attachment":[{"href":"https:\/\/www.revistarescatados.com.ar\/web\/wp-json\/wp\/v2\/media?parent=14986"}],"wp:term":[{"taxonomy":"category","embeddable":true,"href":"https:\/\/www.revistarescatados.com.ar\/web\/wp-json\/wp\/v2\/categories?post=14986"},{"taxonomy":"post_tag","embeddable":true,"href":"https:\/\/www.revistarescatados.com.ar\/web\/wp-json\/wp\/v2\/tags?post=14986"}],"curies":[{"name":"wp","href":"https:\/\/api.w.org\/{rel}","templated":true}]}}