{"id":15044,"date":"2021-08-24T00:02:24","date_gmt":"2021-08-24T03:02:24","guid":{"rendered":"https:\/\/www.revistarescatados.com.ar\/web\/?p=15044"},"modified":"2021-08-24T00:02:39","modified_gmt":"2021-08-24T03:02:39","slug":"rodenas-visitara-calchaqui","status":"publish","type":"post","link":"https:\/\/www.revistarescatados.com.ar\/web\/2021\/08\/24\/rodenas-visitara-calchaqui\/","title":{"rendered":"Rodenas visitar\u00e1 Calchaqu\u00ed"},"content":{"rendered":"\n<p><strong><span class=\"has-inline-color has-vivid-red-color\">La vice gobernadora y precandidata a senadora nacional de la lista &#8220;La Santa Fe que queremos&#8221;, Alejandra Rodenas visitar\u00e1 la ciudad este mi\u00e9rcoles en horas de la ma\u00f1ana, acompa\u00f1ada por el senador provincial Osvaldo Sosa. <\/span><\/strong><\/p>\n\n\n\n<p>Estar\u00e1 realizando visitas institucionales y se reunir\u00e1 con dirigentes y referentes del justicialismo local con vistas a las pr\u00f3ximas elecciones primarias. Estar\u00e1 acompa\u00f1ada del Senador Osvaldo Sosa e integrantes del Equipo de Gesti\u00f3n Territorial en la localidad.<\/p>\n\n\n\n<figure class=\"wp-block-image size-full\"><img loading=\"lazy\" width=\"720\" height=\"720\" src=\"https:\/\/www.revistarescatados.com.ar\/web\/wp-content\/uploads\/2021\/08\/Rodenas.jpg\" alt=\"\" class=\"wp-image-15045\" srcset=\"https:\/\/www.revistarescatados.com.ar\/web\/wp-content\/uploads\/2021\/08\/Rodenas.jpg 720w, https:\/\/www.revistarescatados.com.ar\/web\/wp-content\/uploads\/2021\/08\/Rodenas-300x300.jpg 300w, https:\/\/www.revistarescatados.com.ar\/web\/wp-content\/uploads\/2021\/08\/Rodenas-150x150.jpg 150w, https:\/\/www.revistarescatados.com.ar\/web\/wp-content\/uploads\/2021\/08\/Rodenas-80x80.jpg 80w, https:\/\/www.revistarescatados.com.ar\/web\/wp-content\/uploads\/2021\/08\/Rodenas-320x320.jpg 320w\" sizes=\"(max-width: 720px) 100vw, 720px\" \/><\/figure>\n","protected":false},"excerpt":{"rendered":"<p>La vice gobernadora y precandidata a senadora nacional de la lista &#8220;La Santa Fe que queremos&#8221;, Alejandra Rodenas visitar\u00e1 la ciudad este mi\u00e9rcoles en horas de la ma\u00f1ana, acompa\u00f1ada por el senador&#46;&#46;&#46;<\/p>\n","protected":false},"author":1,"featured_media":15045,"comment_status":"closed","ping_status":"closed","sticky":false,"template":"","format":"standard","meta":[],"categories":[2,3,16,13],"tags":[],"_links":{"self":[{"href":"https:\/\/www.revistarescatados.com.ar\/web\/wp-json\/wp\/v2\/posts\/15044"}],"collection":[{"href":"https:\/\/www.revistarescatados.com.ar\/web\/wp-json\/wp\/v2\/posts"}],"about":[{"href":"https:\/\/www.revistarescatados.com.ar\/web\/wp-json\/wp\/v2\/types\/post"}],"author":[{"embeddable":true,"href":"https:\/\/www.revistarescatados.com.ar\/web\/wp-json\/wp\/v2\/users\/1"}],"replies":[{"embeddable":true,"href":"https:\/\/www.revistarescatados.com.ar\/web\/wp-json\/wp\/v2\/comments?post=15044"}],"version-history":[{"count":1,"href":"https:\/\/www.revistarescatados.com.ar\/web\/wp-json\/wp\/v2\/posts\/15044\/revisions"}],"predecessor-version":[{"id":15046,"href":"https:\/\/www.revistarescatados.com.ar\/web\/wp-json\/wp\/v2\/posts\/15044\/revisions\/15046"}],"wp:featuredmedia":[{"embeddable":true,"href":"https:\/\/www.revistarescatados.com.ar\/web\/wp-json\/wp\/v2\/media\/15045"}],"wp:attachment":[{"href":"https:\/\/www.revistarescatados.com.ar\/web\/wp-json\/wp\/v2\/media?parent=15044"}],"wp:term":[{"taxonomy":"category","embeddable":true,"href":"https:\/\/www.revistarescatados.com.ar\/web\/wp-json\/wp\/v2\/categories?post=15044"},{"taxonomy":"post_tag","embeddable":true,"href":"https:\/\/www.revistarescatados.com.ar\/web\/wp-json\/wp\/v2\/tags?post=15044"}],"curies":[{"name":"wp","href":"https:\/\/api.w.org\/{rel}","templated":true}]}}