{"id":15071,"date":"2021-08-26T23:40:25","date_gmt":"2021-08-27T02:40:25","guid":{"rendered":"https:\/\/www.revistarescatados.com.ar\/web\/?p=15071"},"modified":"2021-08-26T23:40:39","modified_gmt":"2021-08-27T02:40:39","slug":"clara-garcia-del-dolor-sacamos-fuerzas-para-continuar-el-legado-de-miguel","status":"publish","type":"post","link":"https:\/\/www.revistarescatados.com.ar\/web\/2021\/08\/26\/clara-garcia-del-dolor-sacamos-fuerzas-para-continuar-el-legado-de-miguel\/","title":{"rendered":"Clara Garc\u00eda: \u201cDel dolor sacamos fuerzas para continuar el legado \u00a0de Miguel\u201d"},"content":{"rendered":"\n<p><\/p>\n\n\n\n<p><strong><span class=\"has-inline-color has-vivid-red-color\">La precandidata a senadora nacional del Frente Progresista Clara Garc\u00eda, acompa\u00f1ada de Pablo Seghezzo y Livio Beltramino, se reuni\u00f3 con dirigentes en el Concejo Municipal de Calchaqu\u00ed. \u201cSomos muy cr\u00edticos del gobierno actual por esa manera poco transparente y poco participativa para llevar adelante la gesti\u00f3n\u201d, declar\u00f3 la diputada provincial.<\/span><\/strong><\/p>\n\n\n\n<figure class=\"wp-block-image size-large\"><img loading=\"lazy\" width=\"1024\" height=\"625\" src=\"https:\/\/www.revistarescatados.com.ar\/web\/wp-content\/uploads\/2021\/08\/Clara-Garcia-1024x625.jpg\" alt=\"\" class=\"wp-image-15072\" srcset=\"https:\/\/www.revistarescatados.com.ar\/web\/wp-content\/uploads\/2021\/08\/Clara-Garcia-1024x625.jpg 1024w, https:\/\/www.revistarescatados.com.ar\/web\/wp-content\/uploads\/2021\/08\/Clara-Garcia-300x183.jpg 300w, https:\/\/www.revistarescatados.com.ar\/web\/wp-content\/uploads\/2021\/08\/Clara-Garcia-768x469.jpg 768w, https:\/\/www.revistarescatados.com.ar\/web\/wp-content\/uploads\/2021\/08\/Clara-Garcia.jpg 1382w\" sizes=\"(max-width: 1024px) 100vw, 1024px\" \/><\/figure>\n\n\n\n<p>Este jueves 26 de agosto, a las 15:30 horas, la diputada provincial Clara Garc\u00eda brind\u00f3 una conferencia de prensa en el recinto de sesiones del Concejo Municipal. Reivindic\u00f3 la gesti\u00f3n del gobernador Miguel Lifchitz, especialmente a trav\u00e9s de las obras proyectadas y concretadas en el marco del programa \u201cPlan del Norte\u201d. \u201cLamentamos que muchas de esas acciones hayan quedado interrumpidas\u201d y lo calific\u00f3 como \u201cun pol\u00edtico de los que no hay, muy querido y respetado por todos\u201d. Siendo su compa\u00f1era de vida, tras el fallecimiento por Covid-19 del exgobernador, \u201ca la par del dolor, decidimos sacar fuerzas para continuar el legado &nbsp;de Miguel\u201d.<\/p>\n\n\n\n<p>Por otra parte, brind\u00f3 su apoyo a la lista de Juntos por Calchaqu\u00ed, encabezada por Juliana Cailliat, que es una de las m\u00e1s de 330 listas presentadas por su espacio pol\u00edtico para las pr\u00f3ximas elecciones del 12 de septiembre.<\/p>\n\n\n\n<p>\u201cCreo que lo trascendente de un gobierno es cuando deja un proyecto futuro. Nosotros somos muy cr\u00edticos del gobierno actual por esa manera poco transparente y poco participativa para llevar adelante la gesti\u00f3n\u201d, se\u00f1al\u00f3.<\/p>\n\n\n\n<p>Adem\u00e1s agreg\u00f3 que \u201ca veces me dicen que el norte necesitan que lo ayuden; cuando en realidad necesita reparar las inversiones que no se hicieron porque su gente es enormemente productiva y apuesta al futuro\u201d.<\/p>\n\n\n\n<p>\u201cEn los \u00faltimos a\u00f1os hemos tenido senadores que han venido poco, que han hablado poco y que han levantado la mano por obediencia partidaria. Yo quiero que mi obediencia sea exclusivamente a la gente de Santa Fe\u201d, indic\u00f3. &nbsp;Adem\u00e1s fue cr\u00edtica del manejo del sistema sanitario ante la pandemia.<\/p>\n\n\n\n<p>Por su parte, Pablo Seghezzo valor\u00f3 que en estas elecciones \u201cse ver\u00e1n los rostros de quienes van a gobernar la provincia en el 2023. Lo mejor que nos puede pasar es que ese rostro sea Clara Garc\u00eda. As\u00ed que seguimos trabajando con mucho ahinc\u00f3 porque yo siento que la gente quiere que volvamos\u201d.<\/p>\n\n\n\n<p>\u00a0En un mensaje a los vecinos, Garc\u00eda pidi\u00f3 el acompa\u00f1amiento este 12 de septiembre y argument\u00f3 que \u201cnosotros le damos la tranquilidad de formar parte de un colectivo que ama la pol\u00edtica, que es transparente, que no promete sino que muestra lo que hizo\u201d. \u00a0<\/p>\n\n\n\n<p><strong>CONFERENCIA DE PRENSA<\/strong><\/p>\n\n\n\n<p><a href=\"https:\/\/www.facebook.com\/rescatados.calchaqui.5\/videos\/1329332904135972\">https:\/\/www.facebook.com\/rescatados.calchaqui.5\/videos\/13293329041<\/a><a href=\"https:\/\/www.facebook.com\/rescatados.calchaqui.5\/videos\/1329332904135972\" target=\"_blank\" rel=\"noreferrer noopener\">35972<\/a><\/p>\n","protected":false},"excerpt":{"rendered":"<p>La precandidata a senadora nacional del Frente Progresista Clara Garc\u00eda, acompa\u00f1ada de Pablo Seghezzo y Livio Beltramino, se reuni\u00f3 con dirigentes en el Concejo Municipal de Calchaqu\u00ed. \u201cSomos muy cr\u00edticos del gobierno&#46;&#46;&#46;<\/p>\n","protected":false},"author":1,"featured_media":15072,"comment_status":"closed","ping_status":"closed","sticky":false,"template":"","format":"standard","meta":[],"categories":[2,3,16,13],"tags":[],"_links":{"self":[{"href":"https:\/\/www.revistarescatados.com.ar\/web\/wp-json\/wp\/v2\/posts\/15071"}],"collection":[{"href":"https:\/\/www.revistarescatados.com.ar\/web\/wp-json\/wp\/v2\/posts"}],"about":[{"href":"https:\/\/www.revistarescatados.com.ar\/web\/wp-json\/wp\/v2\/types\/post"}],"author":[{"embeddable":true,"href":"https:\/\/www.revistarescatados.com.ar\/web\/wp-json\/wp\/v2\/users\/1"}],"replies":[{"embeddable":true,"href":"https:\/\/www.revistarescatados.com.ar\/web\/wp-json\/wp\/v2\/comments?post=15071"}],"version-history":[{"count":1,"href":"https:\/\/www.revistarescatados.com.ar\/web\/wp-json\/wp\/v2\/posts\/15071\/revisions"}],"predecessor-version":[{"id":15073,"href":"https:\/\/www.revistarescatados.com.ar\/web\/wp-json\/wp\/v2\/posts\/15071\/revisions\/15073"}],"wp:featuredmedia":[{"embeddable":true,"href":"https:\/\/www.revistarescatados.com.ar\/web\/wp-json\/wp\/v2\/media\/15072"}],"wp:attachment":[{"href":"https:\/\/www.revistarescatados.com.ar\/web\/wp-json\/wp\/v2\/media?parent=15071"}],"wp:term":[{"taxonomy":"category","embeddable":true,"href":"https:\/\/www.revistarescatados.com.ar\/web\/wp-json\/wp\/v2\/categories?post=15071"},{"taxonomy":"post_tag","embeddable":true,"href":"https:\/\/www.revistarescatados.com.ar\/web\/wp-json\/wp\/v2\/tags?post=15071"}],"curies":[{"name":"wp","href":"https:\/\/api.w.org\/{rel}","templated":true}]}}