{"id":15077,"date":"2021-08-26T23:49:57","date_gmt":"2021-08-27T02:49:57","guid":{"rendered":"https:\/\/www.revistarescatados.com.ar\/web\/?p=15077"},"modified":"2021-08-26T23:50:10","modified_gmt":"2021-08-27T02:50:10","slug":"71-anos-del-centro-de-jubilados-sanjustino","status":"publish","type":"post","link":"https:\/\/www.revistarescatados.com.ar\/web\/2021\/08\/26\/71-anos-del-centro-de-jubilados-sanjustino\/","title":{"rendered":"71 a\u00f1os del Centro de Jubilados sanjustino"},"content":{"rendered":"\n<p><strong>Septuag\u00e9simo primer aniversario del Centro de Jubilados y Pensionados de San Justo, que naci\u00f3 un 19 de Agosto de 1950. <\/strong><\/p>\n\n\n\n<figure class=\"wp-block-image size-full\"><img loading=\"lazy\" width=\"650\" height=\"447\" src=\"https:\/\/www.revistarescatados.com.ar\/web\/wp-content\/uploads\/2021\/08\/Centro-de-Jubilados-San-Justo.jpg\" alt=\"\" class=\"wp-image-15078\" srcset=\"https:\/\/www.revistarescatados.com.ar\/web\/wp-content\/uploads\/2021\/08\/Centro-de-Jubilados-San-Justo.jpg 650w, https:\/\/www.revistarescatados.com.ar\/web\/wp-content\/uploads\/2021\/08\/Centro-de-Jubilados-San-Justo-300x206.jpg 300w\" sizes=\"(max-width: 650px) 100vw, 650px\" \/><\/figure>\n\n\n\n<p>Recordamos  a su Primer presidente sr Guillermo Rossi, y a quienes lo secundaron: Constantino Farioli, Fabi\u00e1n Cort\u00e9s, Mar\u00eda Cantadore de Cardona, Luis Malatini, Jos\u00e9 Montenegro, Juan Luis Queirolo, Magdalena Calabrese de Parente, Trinidad Oxley ,Pedro Homilka, Emma Beloti de Pent, Aurora Neme de Garassino, Agust\u00edn Roverano, Enrique Franco y Ricardo Echazarreta.<\/p>\n","protected":false},"excerpt":{"rendered":"<p>Septuag\u00e9simo primer aniversario del Centro de Jubilados y Pensionados de San Justo, que naci\u00f3 un 19 de Agosto de 1950. Recordamos a su Primer presidente sr Guillermo Rossi, y a quienes lo&#46;&#46;&#46;<\/p>\n","protected":false},"author":1,"featured_media":15078,"comment_status":"closed","ping_status":"closed","sticky":false,"template":"","format":"standard","meta":[],"categories":[7,4,16,10],"tags":[],"_links":{"self":[{"href":"https:\/\/www.revistarescatados.com.ar\/web\/wp-json\/wp\/v2\/posts\/15077"}],"collection":[{"href":"https:\/\/www.revistarescatados.com.ar\/web\/wp-json\/wp\/v2\/posts"}],"about":[{"href":"https:\/\/www.revistarescatados.com.ar\/web\/wp-json\/wp\/v2\/types\/post"}],"author":[{"embeddable":true,"href":"https:\/\/www.revistarescatados.com.ar\/web\/wp-json\/wp\/v2\/users\/1"}],"replies":[{"embeddable":true,"href":"https:\/\/www.revistarescatados.com.ar\/web\/wp-json\/wp\/v2\/comments?post=15077"}],"version-history":[{"count":1,"href":"https:\/\/www.revistarescatados.com.ar\/web\/wp-json\/wp\/v2\/posts\/15077\/revisions"}],"predecessor-version":[{"id":15079,"href":"https:\/\/www.revistarescatados.com.ar\/web\/wp-json\/wp\/v2\/posts\/15077\/revisions\/15079"}],"wp:featuredmedia":[{"embeddable":true,"href":"https:\/\/www.revistarescatados.com.ar\/web\/wp-json\/wp\/v2\/media\/15078"}],"wp:attachment":[{"href":"https:\/\/www.revistarescatados.com.ar\/web\/wp-json\/wp\/v2\/media?parent=15077"}],"wp:term":[{"taxonomy":"category","embeddable":true,"href":"https:\/\/www.revistarescatados.com.ar\/web\/wp-json\/wp\/v2\/categories?post=15077"},{"taxonomy":"post_tag","embeddable":true,"href":"https:\/\/www.revistarescatados.com.ar\/web\/wp-json\/wp\/v2\/tags?post=15077"}],"curies":[{"name":"wp","href":"https:\/\/api.w.org\/{rel}","templated":true}]}}