{"id":15080,"date":"2021-08-27T00:01:10","date_gmt":"2021-08-27T03:01:10","guid":{"rendered":"https:\/\/www.revistarescatados.com.ar\/web\/?p=15080"},"modified":"2021-08-27T00:01:10","modified_gmt":"2021-08-27T03:01:10","slug":"medioambiente-de-la-provincia-entrego-80-arboles-a-calchaqui","status":"publish","type":"post","link":"https:\/\/www.revistarescatados.com.ar\/web\/2021\/08\/27\/medioambiente-de-la-provincia-entrego-80-arboles-a-calchaqui\/","title":{"rendered":"Medioambiente de la provincia entreg\u00f3 80 \u00e1rboles a Calchaqu\u00ed"},"content":{"rendered":"\n<p><strong><span class=\"has-inline-color has-vivid-red-color\">La Ministra Erika Gonnet hizo entrega de las especies arb\u00f3reas donadas por el Vivero Municipal de Reconquista. Adem\u00e1s se anunci\u00f3 el arribo de 35 nuevos contenedores de residuos y los avances para trasladar la disposici\u00f3n final de residuos a un predio del KM 213.<\/span><\/strong><\/p>\n\n\n\n<figure class=\"wp-block-image size-large\"><img loading=\"lazy\" width=\"1024\" height=\"683\" src=\"https:\/\/www.revistarescatados.com.ar\/web\/wp-content\/uploads\/2021\/08\/Erica-onnet-1024x683.jpg\" alt=\"\" class=\"wp-image-15082\" srcset=\"https:\/\/www.revistarescatados.com.ar\/web\/wp-content\/uploads\/2021\/08\/Erica-onnet-1024x683.jpg 1024w, https:\/\/www.revistarescatados.com.ar\/web\/wp-content\/uploads\/2021\/08\/Erica-onnet-300x200.jpg 300w, https:\/\/www.revistarescatados.com.ar\/web\/wp-content\/uploads\/2021\/08\/Erica-onnet-768x512.jpg 768w, https:\/\/www.revistarescatados.com.ar\/web\/wp-content\/uploads\/2021\/08\/Erica-onnet-1536x1024.jpg 1536w, https:\/\/www.revistarescatados.com.ar\/web\/wp-content\/uploads\/2021\/08\/Erica-onnet.jpg 1728w\" sizes=\"(max-width: 1024px) 100vw, 1024px\" \/><\/figure>\n\n\n\n<p>En la ma\u00f1ana del jueves 26 de agosto, a funcionaria provincial y su equipo fue recibida por el intendente Rub\u00e9n Cuello. Se hizo efectiva la donaci\u00f3n de 80 \u00e1rboles de las especies Jacarand\u00e1, Pezu\u00f1a de vaca, Vir\u00e1 Pit\u00e1. Adem\u00e1s visitaron el &#8220;Microbosque urbano&#8221; donde plantaron un \u00e1rbol y recorrieron la &#8220;Abonera del Pueblo&#8221;.<\/p>\n\n\n\n<p>Adem\u00e1s mantuvo una charla con el encargado de la Planta de reciclado de envases de agroqu\u00edmicos, que lleva adelante a Cooperativa  Agr\u00edcola Mixta de Margarita, en la zona rural de esa localidad.<\/p>\n\n\n\n<p><strong>VIDEO DE LA REUNI\u00d3N EN LA SEDE MUNICIPAL<\/strong><\/p>\n\n\n\n<p><a href=\"https:\/\/www.facebook.com\/rescatados.calchaqui.5\/videos\/848771059398281\" target=\"_blank\" rel=\"noreferrer noopener\">https:\/\/www.facebook.com\/rescatados.calchaqui.5\/videos\/848771059398281<\/a><\/p>\n","protected":false},"excerpt":{"rendered":"<p>La Ministra Erika Gonnet hizo entrega de las especies arb\u00f3reas donadas por el Vivero Municipal de Reconquista. Adem\u00e1s se anunci\u00f3 el arribo de 35 nuevos contenedores de residuos y los avances para&#46;&#46;&#46;<\/p>\n","protected":false},"author":1,"featured_media":15082,"comment_status":"closed","ping_status":"closed","sticky":false,"template":"","format":"standard","meta":[],"categories":[2,3,16,10],"tags":[],"_links":{"self":[{"href":"https:\/\/www.revistarescatados.com.ar\/web\/wp-json\/wp\/v2\/posts\/15080"}],"collection":[{"href":"https:\/\/www.revistarescatados.com.ar\/web\/wp-json\/wp\/v2\/posts"}],"about":[{"href":"https:\/\/www.revistarescatados.com.ar\/web\/wp-json\/wp\/v2\/types\/post"}],"author":[{"embeddable":true,"href":"https:\/\/www.revistarescatados.com.ar\/web\/wp-json\/wp\/v2\/users\/1"}],"replies":[{"embeddable":true,"href":"https:\/\/www.revistarescatados.com.ar\/web\/wp-json\/wp\/v2\/comments?post=15080"}],"version-history":[{"count":1,"href":"https:\/\/www.revistarescatados.com.ar\/web\/wp-json\/wp\/v2\/posts\/15080\/revisions"}],"predecessor-version":[{"id":15083,"href":"https:\/\/www.revistarescatados.com.ar\/web\/wp-json\/wp\/v2\/posts\/15080\/revisions\/15083"}],"wp:featuredmedia":[{"embeddable":true,"href":"https:\/\/www.revistarescatados.com.ar\/web\/wp-json\/wp\/v2\/media\/15082"}],"wp:attachment":[{"href":"https:\/\/www.revistarescatados.com.ar\/web\/wp-json\/wp\/v2\/media?parent=15080"}],"wp:term":[{"taxonomy":"category","embeddable":true,"href":"https:\/\/www.revistarescatados.com.ar\/web\/wp-json\/wp\/v2\/categories?post=15080"},{"taxonomy":"post_tag","embeddable":true,"href":"https:\/\/www.revistarescatados.com.ar\/web\/wp-json\/wp\/v2\/tags?post=15080"}],"curies":[{"name":"wp","href":"https:\/\/api.w.org\/{rel}","templated":true}]}}