{"id":15148,"date":"2021-09-03T19:09:55","date_gmt":"2021-09-03T22:09:55","guid":{"rendered":"https:\/\/www.revistarescatados.com.ar\/web\/?p=15148"},"modified":"2021-09-03T19:10:01","modified_gmt":"2021-09-03T22:10:01","slug":"dionisio-scarpin-en-calchaqui-el-senador-tiene-que-ser-un-buen-gestor","status":"publish","type":"post","link":"https:\/\/www.revistarescatados.com.ar\/web\/2021\/09\/03\/dionisio-scarpin-en-calchaqui-el-senador-tiene-que-ser-un-buen-gestor\/","title":{"rendered":"Dionisio Scarp\u00edn en Calchaqu\u00ed: \u201cEl senador tiene que ser un buen gestor\u201d"},"content":{"rendered":"\n<p><\/p>\n\n\n\n<p><strong><span class=\"has-inline-color has-vivid-red-color\">El intendente de Avellaneda y precandidato a senador nacional &#8211; acompa\u00f1ando a Carolina Losada &#8211; visit\u00f3 este viernes la segunda ciudad del departamento Vera. \u201cHoy tenemos la posibilidad concreta de tener un representante del norte en el senado de la naci\u00f3n, peleando por todos. As\u00ed que aprovechemos esa oportunidad\u201d, destac\u00f3.<\/span><\/strong><\/p>\n\n\n\n<figure class=\"wp-block-image size-large\"><img loading=\"lazy\" width=\"1024\" height=\"869\" src=\"https:\/\/www.revistarescatados.com.ar\/web\/wp-content\/uploads\/2021\/09\/Scarpin-en-Calchaqui-1024x869.jpg\" alt=\"\" class=\"wp-image-15149\" srcset=\"https:\/\/www.revistarescatados.com.ar\/web\/wp-content\/uploads\/2021\/09\/Scarpin-en-Calchaqui-1024x869.jpg 1024w, https:\/\/www.revistarescatados.com.ar\/web\/wp-content\/uploads\/2021\/09\/Scarpin-en-Calchaqui-300x254.jpg 300w, https:\/\/www.revistarescatados.com.ar\/web\/wp-content\/uploads\/2021\/09\/Scarpin-en-Calchaqui-768x651.jpg 768w, https:\/\/www.revistarescatados.com.ar\/web\/wp-content\/uploads\/2021\/09\/Scarpin-en-Calchaqui-1536x1303.jpg 1536w, https:\/\/www.revistarescatados.com.ar\/web\/wp-content\/uploads\/2021\/09\/Scarpin-en-Calchaqui-2048x1737.jpg 2048w\" sizes=\"(max-width: 1024px) 100vw, 1024px\" \/><\/figure>\n\n\n\n<p>\u201cLa tarea del senador nacional, m\u00e1s all\u00e1 de la cuesti\u00f3n pol\u00edtica, m\u00e1s all\u00e1 de presentar leyes; tiene que ser un buen gestor. Debe poder acompa\u00f1ar a las instituciones, a los gobiernos locales, a las empresas en sus demandas\u201d, destac\u00f3 el intendente de la pujante ciudad de Avellaneda que cumple su tercer mandato al frente del ejecutivo municipal.<\/p>\n\n\n\n<p>Ahora en su rol de precandidato dentro de \u201cJuntos por el Cambio\u201d mantiene una constante recorrida por la provincia, especialmente por los 6 departamentos del norte provincial. As\u00ed en su recorrida visit\u00f3 San Crist\u00f3bal, San Javier, San Justo, Gobernador Crespo y este viernes lleg\u00f3 a la ciudad de Calchaqu\u00ed.<\/p>\n\n\n\n<p>As\u00ed manifest\u00f3 que \u201cel norte no solo es una tierra de problemas sino de oportunidades. Cada regi\u00f3n tiene sus demandas y potencialidades. La idea es trabajar de manera &nbsp;microregional y entre todos llevar nuestra voz a Buenos Aires y tratar de hacer realidad algunas cosas que todav\u00eda est\u00e1n pendientes en nuestra tierra\u201d, se\u00f1al\u00f3 a Revista Rescatados.<\/p>\n\n\n\n<figure class=\"wp-block-image size-large\"><img loading=\"lazy\" width=\"1024\" height=\"635\" src=\"https:\/\/www.revistarescatados.com.ar\/web\/wp-content\/uploads\/2021\/09\/Scarpin-en-Calchaqui-1-1024x635.jpg\" alt=\"\" class=\"wp-image-15150\" srcset=\"https:\/\/www.revistarescatados.com.ar\/web\/wp-content\/uploads\/2021\/09\/Scarpin-en-Calchaqui-1-1024x635.jpg 1024w, https:\/\/www.revistarescatados.com.ar\/web\/wp-content\/uploads\/2021\/09\/Scarpin-en-Calchaqui-1-300x186.jpg 300w, https:\/\/www.revistarescatados.com.ar\/web\/wp-content\/uploads\/2021\/09\/Scarpin-en-Calchaqui-1-768x476.jpg 768w, https:\/\/www.revistarescatados.com.ar\/web\/wp-content\/uploads\/2021\/09\/Scarpin-en-Calchaqui-1-1536x952.jpg 1536w, https:\/\/www.revistarescatados.com.ar\/web\/wp-content\/uploads\/2021\/09\/Scarpin-en-Calchaqui-1-2048x1270.jpg 2048w\" sizes=\"(max-width: 1024px) 100vw, 1024px\" \/><\/figure>\n\n\n\n<p>En su visita a Calchaqu\u00ed, dialog\u00f3 con vecinos y visit\u00f3 familias para interiorizarse de las diferentes realidades que atraviesan. Se refiri\u00f3 al estado de abandono que presenta la ruta nacional 11 y la necesidad de encontrar una soluci\u00f3n definitiva.<\/p>\n\n\n\n<p>\u201cEl oficialismo no tiene capacidad de di\u00e1logo, entonces equilibrando las c\u00e1maras de diputados y senadores, obligamos a que el gobierno dialogue y se busquen pol\u00edticas consensuadas. As\u00ed se podr\u00e1 salir de la grieta que solo produce retraso y genera lo que hoy vivimos un 42% de pobreza\u201d, se\u00f1al\u00f3. &nbsp;<\/p>\n\n\n\n<p>\u201cHoy tenemos la posibilidad concreta de tener un representante del norte en el senado de la naci\u00f3n, peleando por todos. As\u00ed que aprovechemos esa oportunidad\u201d, finaliz\u00f3. &nbsp;&nbsp;<\/p>\n","protected":false},"excerpt":{"rendered":"<p>El intendente de Avellaneda y precandidato a senador nacional &#8211; acompa\u00f1ando a Carolina Losada &#8211; visit\u00f3 este viernes la segunda ciudad del departamento Vera. \u201cHoy tenemos la posibilidad concreta de tener un&#46;&#46;&#46;<\/p>\n","protected":false},"author":1,"featured_media":15150,"comment_status":"closed","ping_status":"closed","sticky":false,"template":"","format":"standard","meta":[],"categories":[2,3,16,13],"tags":[],"_links":{"self":[{"href":"https:\/\/www.revistarescatados.com.ar\/web\/wp-json\/wp\/v2\/posts\/15148"}],"collection":[{"href":"https:\/\/www.revistarescatados.com.ar\/web\/wp-json\/wp\/v2\/posts"}],"about":[{"href":"https:\/\/www.revistarescatados.com.ar\/web\/wp-json\/wp\/v2\/types\/post"}],"author":[{"embeddable":true,"href":"https:\/\/www.revistarescatados.com.ar\/web\/wp-json\/wp\/v2\/users\/1"}],"replies":[{"embeddable":true,"href":"https:\/\/www.revistarescatados.com.ar\/web\/wp-json\/wp\/v2\/comments?post=15148"}],"version-history":[{"count":1,"href":"https:\/\/www.revistarescatados.com.ar\/web\/wp-json\/wp\/v2\/posts\/15148\/revisions"}],"predecessor-version":[{"id":15151,"href":"https:\/\/www.revistarescatados.com.ar\/web\/wp-json\/wp\/v2\/posts\/15148\/revisions\/15151"}],"wp:featuredmedia":[{"embeddable":true,"href":"https:\/\/www.revistarescatados.com.ar\/web\/wp-json\/wp\/v2\/media\/15150"}],"wp:attachment":[{"href":"https:\/\/www.revistarescatados.com.ar\/web\/wp-json\/wp\/v2\/media?parent=15148"}],"wp:term":[{"taxonomy":"category","embeddable":true,"href":"https:\/\/www.revistarescatados.com.ar\/web\/wp-json\/wp\/v2\/categories?post=15148"},{"taxonomy":"post_tag","embeddable":true,"href":"https:\/\/www.revistarescatados.com.ar\/web\/wp-json\/wp\/v2\/tags?post=15148"}],"curies":[{"name":"wp","href":"https:\/\/api.w.org\/{rel}","templated":true}]}}