{"id":15194,"date":"2021-09-11T16:33:42","date_gmt":"2021-09-11T19:33:42","guid":{"rendered":"https:\/\/www.revistarescatados.com.ar\/web\/?p=15194"},"modified":"2021-09-11T16:36:10","modified_gmt":"2021-09-11T19:36:10","slug":"calchaqui-supera-los-10-000-electores-para-las-elecciones-paso","status":"publish","type":"post","link":"https:\/\/www.revistarescatados.com.ar\/web\/2021\/09\/11\/calchaqui-supera-los-10-000-electores-para-las-elecciones-paso\/","title":{"rendered":"Calchaqu\u00ed supera los 10.000 electores para las elecciones PASO"},"content":{"rendered":"\n<p><\/p>\n\n\n\n<p><strong><span class=\"has-inline-color has-vivid-red-color\">A las 8 de la ma\u00f1ana del domingo iniciar\u00e1n los comicios hasta las 18 horas. Se votar\u00e1 en 4 escuelas y habr\u00e1 29 mesas habilitadas. En la nota, podes consultar donde votas.<\/span><\/strong><\/p>\n\n\n\n<figure class=\"wp-block-image size-large\"><img loading=\"lazy\" width=\"1024\" height=\"577\" src=\"http:\/\/www.revistarescatados.com.ar\/web\/wp-content\/uploads\/2021\/01\/Calchaqui-cartel-1024x577.jpg\" alt=\"\" class=\"wp-image-12365\" srcset=\"https:\/\/www.revistarescatados.com.ar\/web\/wp-content\/uploads\/2021\/01\/Calchaqui-cartel-1024x577.jpg 1024w, https:\/\/www.revistarescatados.com.ar\/web\/wp-content\/uploads\/2021\/01\/Calchaqui-cartel-300x169.jpg 300w, https:\/\/www.revistarescatados.com.ar\/web\/wp-content\/uploads\/2021\/01\/Calchaqui-cartel-768x433.jpg 768w, https:\/\/www.revistarescatados.com.ar\/web\/wp-content\/uploads\/2021\/01\/Calchaqui-cartel.jpg 1080w\" sizes=\"(max-width: 1024px) 100vw, 1024px\" \/><\/figure>\n\n\n\n<p>Por primera vez, el padr\u00f3n de electoral de Calchaqu\u00ed &nbsp;supera los 10.000 electores habilitados. Cabe destacar que para las elecciones nacionales est\u00e1n habilitados a votar desde los 16 a\u00f1os; mientras que para las provinciales los votantes deben ser mayores de 18 a\u00f1os. Hasta los 69 a\u00f1os es obligatorio concurrir a votar. &nbsp;A partir de los 70 a\u00f1os la participaci\u00f3n del elector es voluntaria.<\/p>\n\n\n\n<p>En Calchaqu\u00ed los locales de votaci\u00f3n ser\u00e1n las escuelas N\u00ba 448, N\u00ba 6117, EETP N\u00ba 642 y colegio Ntra. Sra. de Guadalupe. En total habr\u00e1 29 mesas habilitadas, con 350 electores por mesa.<\/p>\n\n\n\n<p><strong><a href=\"https:\/\/padronelectoral.org\/padrones\/santa-fe\/\">DONDE VOTO<\/a><\/strong><\/p>\n\n\n\n<figure class=\"wp-block-embed is-type-wp-embed is-provider-padron-electoral-2021-donde-voto wp-block-embed-padron-electoral-2021-donde-voto\"><div class=\"wp-block-embed__wrapper\">\n<blockquote class=\"wp-embedded-content\" data-secret=\"6ACV4j90rU\"><a href=\"https:\/\/padronelectoral.org\/padron-electoral-oficial\/\">Padr\u00f3n Electoral 2021 Definitivo<\/a><\/blockquote><iframe class=\"wp-embedded-content\" sandbox=\"allow-scripts\" security=\"restricted\" style=\"position: absolute; clip: rect(1px, 1px, 1px, 1px);\" title=\"\u00abPadr\u00f3n Electoral 2021 Definitivo\u00bb \u2014 Padr\u00f3n Electoral 2021 D\u00f3nde voto ?\" src=\"https:\/\/padronelectoral.org\/padron-electoral-oficial\/embed\/#?secret=6ACV4j90rU\" data-secret=\"6ACV4j90rU\" width=\"500\" height=\"282\" frameborder=\"0\" marginwidth=\"0\" marginheight=\"0\" scrolling=\"no\"><\/iframe>\n<\/div><\/figure>\n\n\n\n<p><strong><span class=\"has-inline-color has-vivid-red-color\">PRECANDIDATOS EN CALCHAQUI<\/span><\/strong><\/p>\n\n\n\n<p>El Tribunal Electoral de la provincia inform\u00f3 sobre la participaci\u00f3n de 5 listas.  La interna se da en el Frente de Todos, entre las listas encabezadas por Miguel V\u00e1squez y Graciela Hetze. El resto de las listas debe superar el 1,5 de votos para acceder a la contienda electoral del 14 de noviembre.<\/p>\n\n\n\n<p>Cabe recordar, que en el Concejo Municipal de la ciudad se renuevan tres bancas.<\/p>\n\n\n\n<p><strong>Lista: CONFLUENCIA POR CALCHAQUI<\/strong><\/p>\n\n\n\n<p>T1 VAZQUEZ MIGUEL ANGEL<br>T2 VALDEZ EVANGELINA MAGDALENA<br>T3 LUQUE EDGARDO DANIEL<br>S1 VAZQUEZ PATRICIA ALEJANDRA<br>S2 ELZ JUAN JOSE<br>S3 LOPEZ LEYLEN MAGALI<\/p>\n\n\n\n<p><strong>Lista: HACEMOS SANTA FE<\/strong><\/p>\n\n\n\n<p>T1 HETZE GRACIELA BEATRIZ<br>T2 PERELLO MARTIN OSCAR<br>T3 BURELLA LEILEN MAIA<br>S1 GAMBACORTA ARIEL IGNACIO<br>S2 VELAZQUEZ ARACELI CELESTE<br>S3 MINOTTI CRISTIAN DARIO DAVID<\/p>\n\n\n\n<p><strong>Lista: JUVENTUD EN MOVIMIENTO<\/strong><\/p>\n\n\n\n<p>T1 CAILLAT JULIANA VANESA<br>T2 PABLO MATIAS DAMIAN<br>T3 AQUINO TAMARA YAMILA<br>S1 GALARZA NESTOR FABIAN<br>S2 BURELLA LORENA PAOLA<br>S3 RIVOIRA LISANDRO<\/p>\n\n\n\n<p><strong>Lista: MEJOR CALCHAQUI<\/strong><\/p>\n\n\n\n<p>T1 PATRICELLI WALTER DARIO<br>T2 REGINELLI LEONOR MARIA<br>T3 BISTMAN ABEL ANTONIO<br>S1 ARANDA ISABEL<br>S2 PAZ NICOLAS EZEQUIEL<br>S3 BRUNELLO ALEJANDRA CRISTINA<\/p>\n\n\n\n<p><strong>Lista: JUNTOS CALCHAQUI PROGRESA<\/strong><\/p>\n\n\n\n<p>T1 MILESSI ANGEL MIGUEL<br>T2 GIMENEZ FLORENCIA ESTEFANIA<br>T3 SIGAUDO BLANCO LEONARDO<br>S1 TINININI MARIA ITATI<br>S2 GOMEZ BRIAN RUBEN<br>S3 MOREYRA FERNANDA GISELA<\/p>\n\n\n\n<p><strong><span class=\"has-inline-color has-vivid-red-color\">NO SELLAR SOBRES CON SALIVA<\/span><\/strong><\/p>\n\n\n\n<p>Para aminorar los riesgos de propagaci\u00f3n del virus durante la votaci\u00f3n y el recuento posterior, la C\u00e1mara Nacional Electoral (CNE) sugiere a la ciudadan\u00eda no usar saliva para cerrar el sobre que luego se depositar\u00e1 en la urna. Para ello propone otros m\u00e9todos m\u00e1s higi\u00e9nicos.<\/p>\n\n\n\n<p>La CNE aclara que no es una exigencia a la hora de la votaci\u00f3n que el sobre est\u00e9 sellado. Es posible cerrar el sobre, colocando la solapa para adentro, y ello no conlleva un riesgo en la validez del voto. No obstante, quienes deseen colocarle adhesivo para asegurar el sellado podr\u00e1n hacerlo con algunas variantes, igualmente efectivas para ese fin.<\/p>\n\n\n\n<p>Adem\u00e1s se debe llevar lapicera, no tocar la urna y la constancia no se entregar\u00e1 en mano.<\/p>\n","protected":false},"excerpt":{"rendered":"<p>A las 8 de la ma\u00f1ana del domingo iniciar\u00e1n los comicios hasta las 18 horas. Se votar\u00e1 en 4 escuelas y habr\u00e1 29 mesas habilitadas. En la nota, podes consultar donde votas.&#46;&#46;&#46;<\/p>\n","protected":false},"author":1,"featured_media":13228,"comment_status":"closed","ping_status":"closed","sticky":false,"template":"","format":"standard","meta":[],"categories":[2,3,16,8],"tags":[],"_links":{"self":[{"href":"https:\/\/www.revistarescatados.com.ar\/web\/wp-json\/wp\/v2\/posts\/15194"}],"collection":[{"href":"https:\/\/www.revistarescatados.com.ar\/web\/wp-json\/wp\/v2\/posts"}],"about":[{"href":"https:\/\/www.revistarescatados.com.ar\/web\/wp-json\/wp\/v2\/types\/post"}],"author":[{"embeddable":true,"href":"https:\/\/www.revistarescatados.com.ar\/web\/wp-json\/wp\/v2\/users\/1"}],"replies":[{"embeddable":true,"href":"https:\/\/www.revistarescatados.com.ar\/web\/wp-json\/wp\/v2\/comments?post=15194"}],"version-history":[{"count":3,"href":"https:\/\/www.revistarescatados.com.ar\/web\/wp-json\/wp\/v2\/posts\/15194\/revisions"}],"predecessor-version":[{"id":15198,"href":"https:\/\/www.revistarescatados.com.ar\/web\/wp-json\/wp\/v2\/posts\/15194\/revisions\/15198"}],"wp:featuredmedia":[{"embeddable":true,"href":"https:\/\/www.revistarescatados.com.ar\/web\/wp-json\/wp\/v2\/media\/13228"}],"wp:attachment":[{"href":"https:\/\/www.revistarescatados.com.ar\/web\/wp-json\/wp\/v2\/media?parent=15194"}],"wp:term":[{"taxonomy":"category","embeddable":true,"href":"https:\/\/www.revistarescatados.com.ar\/web\/wp-json\/wp\/v2\/categories?post=15194"},{"taxonomy":"post_tag","embeddable":true,"href":"https:\/\/www.revistarescatados.com.ar\/web\/wp-json\/wp\/v2\/tags?post=15194"}],"curies":[{"name":"wp","href":"https:\/\/api.w.org\/{rel}","templated":true}]}}