{"id":15228,"date":"2021-09-14T00:51:42","date_gmt":"2021-09-14T03:51:42","guid":{"rendered":"https:\/\/www.revistarescatados.com.ar\/web\/?p=15228"},"modified":"2021-09-14T00:51:57","modified_gmt":"2021-09-14T03:51:57","slug":"alejandra-locomotora-oliveras-competira-en-las-elecciones-generales-de-noviembre","status":"publish","type":"post","link":"https:\/\/www.revistarescatados.com.ar\/web\/2021\/09\/14\/alejandra-locomotora-oliveras-competira-en-las-elecciones-generales-de-noviembre\/","title":{"rendered":"Alejandra \u201cLocomotora\u201d Oliveras competir\u00e1 en las elecciones generales de noviembre"},"content":{"rendered":"\n<p><\/p>\n\n\n\n<p><strong><span class=\"has-inline-color has-vivid-red-color\">Con m\u00e1s de 48.000 votos, la reconocida deportista que encabeza la lista \u201cSomos Vida\u201d del Partido Unite en la categor\u00eda de diputados \u00a0y sue\u00f1a con lograr un esca\u00f1o en la c\u00e1mara baja. \u201cHemos ganado el primer round y ahora tenemos un gran desaf\u00edo por delante y lo vamos a lograr\u201d, alent\u00f3.<\/span><\/strong><\/p>\n\n\n\n<figure class=\"wp-block-image size-large\"><img loading=\"lazy\" width=\"1024\" height=\"683\" src=\"https:\/\/www.revistarescatados.com.ar\/web\/wp-content\/uploads\/2021\/09\/Locomotora-Florito-Milessi-1024x683.jpg\" alt=\"\" class=\"wp-image-15229\" srcset=\"https:\/\/www.revistarescatados.com.ar\/web\/wp-content\/uploads\/2021\/09\/Locomotora-Florito-Milessi-1024x683.jpg 1024w, https:\/\/www.revistarescatados.com.ar\/web\/wp-content\/uploads\/2021\/09\/Locomotora-Florito-Milessi-300x200.jpg 300w, https:\/\/www.revistarescatados.com.ar\/web\/wp-content\/uploads\/2021\/09\/Locomotora-Florito-Milessi-768x512.jpg 768w, https:\/\/www.revistarescatados.com.ar\/web\/wp-content\/uploads\/2021\/09\/Locomotora-Florito-Milessi-1536x1024.jpg 1536w, https:\/\/www.revistarescatados.com.ar\/web\/wp-content\/uploads\/2021\/09\/Locomotora-Florito-Milessi.jpg 1728w\" sizes=\"(max-width: 1024px) 100vw, 1024px\" \/><\/figure>\n\n\n\n<p>La s\u00e9xtuple campeona mundial de boxeo y due\u00f1a de un record Guinness, tuvo un importante respaldo en su precandidatura y logr\u00f3 &nbsp;48.646 votos (2,93%) en toda la provincia. As\u00ed ser\u00e1 una de las 9 listas a la c\u00e1mara de diputados que se encontrar\u00e1 en el cuarto oscuro el pr\u00f3ximo 14 de noviembre.<\/p>\n\n\n\n<p>Asimismo, la precandidata senadora nacional del espacio Betina Florito tambi\u00e9n competir\u00e1 en su categor\u00eda. \u201cGracias especialmente a los militantes que, a lo largo y a lo ancho de toda la provincia, acompa\u00f1aron en la campa\u00f1a y trabajaron arduamente en la fiscalizaci\u00f3n\u201d, destac\u00f3 la fonoaudi\u00f3loga y actual diputada provincial.<\/p>\n\n\n\n<p><strong>En el departamento Vera fue la cuarta fuerza m\u00e1s votada logrando 699 votos. En la ciudad de Calchaqu\u00ed sum\u00f3 356 votos \u2013 siendo la tercera fuerza m\u00e1s votada &#8211; \u00a0y cont\u00f3 con el apoyo de la lista a concejales de \u201cJuntos Calchaqu\u00ed progresa\u201d que lidera el dirigente Miguel Milessi.<\/strong><\/p>\n\n\n\n<p>En la localidad de Timb\u00faes, fue el \u00fanico lugar de la provincia donde la lista de Unite sali\u00f3 en primer lugar<strong>.<\/strong> Qued\u00f3 en evidencia que la sociedad timbuense vot\u00f3 por un proyecto pol\u00edtico que conduce Amaro \u201cFito\u201d Gonz\u00e1lez y lleva a la secretaria de la producci\u00f3n comunal Marcela Giraudo en la lista.<\/p>\n\n\n\n<p>Para Amaro Gonz\u00e1lez haber obtenido la lista de Alejandra \u201cLocomotora\u201d Oliveras m\u00e1s de 48 mil votos en toda la provincia de Santa Fe con muy poco tiempo de campa\u00f1a \u201ces un reconocimiento a la imagen de Oliveras como deportista y por su solidaridad para con los m\u00e1s vulnerables pero tambi\u00e9n \u2013enfatiz\u00f3\u2013, un voto de confianza a la gesti\u00f3n que se est\u00e1 llevando a cabo en Timb\u00faes desde hace ocho a\u00f1os\u201d.<\/p>\n","protected":false},"excerpt":{"rendered":"<p>Con m\u00e1s de 48.000 votos, la reconocida deportista que encabeza la lista \u201cSomos Vida\u201d del Partido Unite en la categor\u00eda de diputados \u00a0y sue\u00f1a con lograr un esca\u00f1o en la c\u00e1mara baja.&#46;&#46;&#46;<\/p>\n","protected":false},"author":1,"featured_media":15229,"comment_status":"closed","ping_status":"closed","sticky":false,"template":"","format":"standard","meta":[],"categories":[2,3,16,13,12],"tags":[],"_links":{"self":[{"href":"https:\/\/www.revistarescatados.com.ar\/web\/wp-json\/wp\/v2\/posts\/15228"}],"collection":[{"href":"https:\/\/www.revistarescatados.com.ar\/web\/wp-json\/wp\/v2\/posts"}],"about":[{"href":"https:\/\/www.revistarescatados.com.ar\/web\/wp-json\/wp\/v2\/types\/post"}],"author":[{"embeddable":true,"href":"https:\/\/www.revistarescatados.com.ar\/web\/wp-json\/wp\/v2\/users\/1"}],"replies":[{"embeddable":true,"href":"https:\/\/www.revistarescatados.com.ar\/web\/wp-json\/wp\/v2\/comments?post=15228"}],"version-history":[{"count":1,"href":"https:\/\/www.revistarescatados.com.ar\/web\/wp-json\/wp\/v2\/posts\/15228\/revisions"}],"predecessor-version":[{"id":15230,"href":"https:\/\/www.revistarescatados.com.ar\/web\/wp-json\/wp\/v2\/posts\/15228\/revisions\/15230"}],"wp:featuredmedia":[{"embeddable":true,"href":"https:\/\/www.revistarescatados.com.ar\/web\/wp-json\/wp\/v2\/media\/15229"}],"wp:attachment":[{"href":"https:\/\/www.revistarescatados.com.ar\/web\/wp-json\/wp\/v2\/media?parent=15228"}],"wp:term":[{"taxonomy":"category","embeddable":true,"href":"https:\/\/www.revistarescatados.com.ar\/web\/wp-json\/wp\/v2\/categories?post=15228"},{"taxonomy":"post_tag","embeddable":true,"href":"https:\/\/www.revistarescatados.com.ar\/web\/wp-json\/wp\/v2\/tags?post=15228"}],"curies":[{"name":"wp","href":"https:\/\/api.w.org\/{rel}","templated":true}]}}