{"id":15335,"date":"2021-09-23T23:11:46","date_gmt":"2021-09-24T02:11:46","guid":{"rendered":"https:\/\/www.revistarescatados.com.ar\/web\/?p=15335"},"modified":"2021-09-23T23:13:55","modified_gmt":"2021-09-24T02:13:55","slug":"ya-funciona-la-linea-telefonica-102-para-ninos-ninas-y-adolescentes-en-la-provincia-de-santa-fe","status":"publish","type":"post","link":"https:\/\/www.revistarescatados.com.ar\/web\/2021\/09\/23\/ya-funciona-la-linea-telefonica-102-para-ninos-ninas-y-adolescentes-en-la-provincia-de-santa-fe\/","title":{"rendered":"Ya funciona la L\u00ednea telef\u00f3nica 102 para ni\u00f1os, ni\u00f1as y adolescentes en la provincia de Santa Fe"},"content":{"rendered":"\n<p><\/p>\n\n\n\n<p><strong><span class=\"has-inline-color has-vivid-red-color\">Se trata de un servicio de atenci\u00f3n especializada ante situaciones de amenaza o vulneraci\u00f3n de sus derechos, que de manera gratuita y confidencial brinda un espacio de escucha, contenci\u00f3n y orientaci\u00f3n.<\/span><\/strong>  <strong><span class=\"has-inline-color has-vivid-red-color\">El 102 es atendido por operadoras y operadores especializados que atender\u00e1n, en esta primera etapa, de lunes a viernes, de 7:00 hs a 19:00 hs. <\/span><\/strong><\/p>\n\n\n\n<figure class=\"wp-block-image size-full\"><img loading=\"lazy\" width=\"960\" height=\"691\" src=\"https:\/\/www.revistarescatados.com.ar\/web\/wp-content\/uploads\/2021\/09\/linea-102.jpg\" alt=\"\" class=\"wp-image-15338\" srcset=\"https:\/\/www.revistarescatados.com.ar\/web\/wp-content\/uploads\/2021\/09\/linea-102.jpg 960w, https:\/\/www.revistarescatados.com.ar\/web\/wp-content\/uploads\/2021\/09\/linea-102-300x216.jpg 300w, https:\/\/www.revistarescatados.com.ar\/web\/wp-content\/uploads\/2021\/09\/linea-102-768x553.jpg 768w\" sizes=\"(max-width: 960px) 100vw, 960px\" \/><\/figure>\n\n\n\n<p>El Ministerio de Desarrollo Social, a trav\u00e9s de la Secretar\u00eda de Ni\u00f1ez, Adolescencia y Familia, present\u00f3 la L\u00ednea 102 destinada a los ni\u00f1os, ni\u00f1as y adolescentes de la provincia. Se trata de un servicio de atenci\u00f3n especializada ante situaciones de amenaza o vulneraci\u00f3n de los derechos de ni\u00f1as, ni\u00f1os y adolescentes; que de manera gratuita y confidencial brinda un espacio de escucha, contenci\u00f3n y orientaci\u00f3n.<br>La actividad, encabezada por el ministro de Desarrollo Social, Danilo Capitani y la secretaria de Ni\u00f1ez, Adolescencia y Familia, Patricia Chialvo, cont\u00f3 con la presencia del secretario Nacional de Ni\u00f1ez, Adolescencia y Familia, Gabriel Lerner y directora Nacional de Gesti\u00f3n y Desarrollo Institucional, Gisella Clivaggio del Ministerio de Desarrollo Social de la Naci\u00f3n.<\/p>\n\n\n\n<p>En la oportunidad, tambi\u00e9n se entregaron tarjetas en el marco del programa Aunar, para compra de tablets para chicos y chicas que viven en instituciones provinciales.<\/p>\n\n\n\n<p>Al respecto, el ministro Capitani expres\u00f3: \u201cHoy con mucha alegr\u00eda podemos decir que estamos haciendo el lanzamiento. Es un d\u00eda para celebrar porque esta iniciativa significa m\u00e1s derechos para las chicas y los chicos de nuestra provincia. Y destac\u00f3: \u201cSomos parte de este sistema interconectado que es la L\u00ednea 102, que permitir\u00e1 el acompa\u00f1amiento a ni\u00f1os, ni\u00f1as y adolescentes, pero tambi\u00e9n servir\u00e1 para que los docentes en la escuela o los profesores en un club consulten sobre situaciones que puedan detectar\u201d.<\/p>\n\n\n\n<figure class=\"wp-block-embed is-type-rich is-provider-gestor-del-servicio wp-block-embed-gestor-del-servicio\"><div class=\"wp-block-embed__wrapper\">\n<div style=\"width: 640px;\" class=\"wp-video\"><!--[if lt IE 9]><script>document.createElement('video');<\/script><![endif]-->\n<video class=\"wp-video-shortcode\" id=\"video-15335-1\" width=\"640\" height=\"360\" preload=\"metadata\" controls=\"controls\"><source type=\"video\/mp4\" src=\"https:\/\/www.santafe.gov.ar\/noticias\/recursos\/videosHD\/2021\/09\/2021-09-22NID_272404O_1.mp4?_=1\" \/><a href=\"https:\/\/www.santafe.gov.ar\/noticias\/recursos\/videosHD\/2021\/09\/2021-09-22NID_272404O_1.mp4\">https:\/\/www.santafe.gov.ar\/noticias\/recursos\/videosHD\/2021\/09\/2021-09-22NID_272404O_1.mp4<\/a><\/video><\/div>\n<\/div><\/figure>\n\n\n\n<p>Por su parte, el Secretario Nacional, Gabriel Lerner manifest\u00f3: \u201cCon la provincia de Santa Fe trabajamos muchos temas; hay una cantidad muy grande de Centros de Desarrollo Infantil adheridos al Plan Nacional de Primera Infancia, a lo largo y a lo ancho de la provincia y una l\u00ednea fuerte de mejora de la infraestructura de estos centros. Y agreg\u00f3: \u201cTambi\u00e9n tenemos mucho trabajo en la l\u00ednea de la protecci\u00f3n, desarrollamos el programa de asistencia a chicos y chicas que transitan el egreso de las instituciones o el r\u00e9gimen de reparaci\u00f3n econ\u00f3mica para las ni\u00f1as, ni\u00f1os y adolescentes hijos e hijas de personas v\u00edctimas de femicidio u homicidio por violencia intrafamiliar y\/o de g\u00e9nero\u201d.<\/p>\n\n\n\n<p>Para finalizar, cont\u00f3 que \u201cen esta oportunidad, tambi\u00e9n venimos a entregar las tarjetas de la iniciativa AUNAR que pronto ser\u00e1n cargadas con cr\u00e9dito para adquirir tablets destinadas a los ni\u00f1os y ni\u00f1as de los centros residenciales\u201d.<\/p>\n\n\n\n<p>Para finalizar, Chialvo coment\u00f3: \u201cEstamos muy emocionados por poner en marcha la L\u00ednea 102. Esta propuesta fue generada por la Secretar\u00eda Nacional de Ni\u00f1ez, Adolescencia y Familia (SENAF) en el a\u00f1o 2009 y se fue provincializando con el tiempo. Nos enorgullece que la gesti\u00f3n provincial haya tomado la decisi\u00f3n de que Santa Fe cuente con una l\u00ednea gratuita para ni\u00f1os, ni\u00f1as y adolescentes\u201d.<\/p>\n\n\n\n<p>Con respecto al origen de las gestiones, record\u00f3 que \u201cfue una preocupaci\u00f3n surgida en la pandemia, ya que muchas de las personas que trabajamos desde las distintas provincias nos preguntamos a qui\u00e9n le estaban contando los chicos lo que les estaba pasando\u201d.<\/p>\n\n\n\n<p>Tambi\u00e9n participaron la directora Nacional de Gesti\u00f3n y Desarrollo Institucional, Gisella Clivaggio, la secretaria de Derechos Humanos, Lucila Puyol, la subsecretaria de Prevenci\u00f3n en Salud y Trayectorias Educativas de Ni\u00f1as, Ni\u00f1os y Adolescentes, Adriana Lusso, directora provincial de Promoci\u00f3n de Derechos de la Ni\u00f1ez, Adolescencia y Familia -Santa Fe, In\u00e9s Colmegna, la directora provincial de Promoci\u00f3n de Derechos de la Ni\u00f1ez, Adolescencia y Familia -Rosario, Patricia Virgilio, los directores provinciales, Agust\u00edn Codevilla y Sebasti\u00e1n Morales, y las delegadas de Ni\u00f1ez, Laura Colle, Melina Lanza, Graciela Cereijo y Jorgelina Donatti.<\/p>\n\n\n\n<p>Tambi\u00e9n estuvieron presentes, integrantes del Ministerio P\u00fablico de la Acusaci\u00f3n y de la Comisar\u00eda de la Mujer.<\/p>\n\n\n\n<p><strong>LA L\u00cdNEA DE LOS CHICOS Y LAS CHICAS<br><\/strong>Es la primera vez que en la provincia de Santa Fe, por decisi\u00f3n pol\u00edtica de la gesti\u00f3n provincial y nacional, se implementar\u00e1 la l\u00ednea telef\u00f3nica que ya funciona en 22 provincias del pa\u00eds.<\/p>\n\n\n\n<p>El 102 es atendido por operadoras y operadores especializados que atender\u00e1n, en esta primera etapa, de lunes a viernes, de 7:00 hs a 19:00 hs.<\/p>\n\n\n\n<p><br>Funciona como un dispositivo especializado del Sistema de Protecci\u00f3n Integral de Derechos que coordina y articula las pol\u00edticas p\u00fablicas locales, provinciales y\/o nacionales, para la restituci\u00f3n o cumplimiento del derecho vulnerado o necesidad manifestada por ni\u00f1as, ni\u00f1os o adolescentes.<\/p>\n\n\n\n<p>Realiza intervenciones, de manera conjunta con otros organismos del Estado, ante situaciones de vulneraci\u00f3n de sus derechos.<\/p>\n","protected":false},"excerpt":{"rendered":"<p>Se trata de un servicio de atenci\u00f3n especializada ante situaciones de amenaza o vulneraci\u00f3n de sus derechos, que de manera gratuita y confidencial brinda un espacio de escucha, contenci\u00f3n y orientaci\u00f3n. El&#46;&#46;&#46;<\/p>\n","protected":false},"author":1,"featured_media":15338,"comment_status":"closed","ping_status":"closed","sticky":false,"template":"","format":"standard","meta":[],"categories":[16,10,8],"tags":[],"_links":{"self":[{"href":"https:\/\/www.revistarescatados.com.ar\/web\/wp-json\/wp\/v2\/posts\/15335"}],"collection":[{"href":"https:\/\/www.revistarescatados.com.ar\/web\/wp-json\/wp\/v2\/posts"}],"about":[{"href":"https:\/\/www.revistarescatados.com.ar\/web\/wp-json\/wp\/v2\/types\/post"}],"author":[{"embeddable":true,"href":"https:\/\/www.revistarescatados.com.ar\/web\/wp-json\/wp\/v2\/users\/1"}],"replies":[{"embeddable":true,"href":"https:\/\/www.revistarescatados.com.ar\/web\/wp-json\/wp\/v2\/comments?post=15335"}],"version-history":[{"count":2,"href":"https:\/\/www.revistarescatados.com.ar\/web\/wp-json\/wp\/v2\/posts\/15335\/revisions"}],"predecessor-version":[{"id":15339,"href":"https:\/\/www.revistarescatados.com.ar\/web\/wp-json\/wp\/v2\/posts\/15335\/revisions\/15339"}],"wp:featuredmedia":[{"embeddable":true,"href":"https:\/\/www.revistarescatados.com.ar\/web\/wp-json\/wp\/v2\/media\/15338"}],"wp:attachment":[{"href":"https:\/\/www.revistarescatados.com.ar\/web\/wp-json\/wp\/v2\/media?parent=15335"}],"wp:term":[{"taxonomy":"category","embeddable":true,"href":"https:\/\/www.revistarescatados.com.ar\/web\/wp-json\/wp\/v2\/categories?post=15335"},{"taxonomy":"post_tag","embeddable":true,"href":"https:\/\/www.revistarescatados.com.ar\/web\/wp-json\/wp\/v2\/tags?post=15335"}],"curies":[{"name":"wp","href":"https:\/\/api.w.org\/{rel}","templated":true}]}}