{"id":15364,"date":"2021-09-27T23:40:47","date_gmt":"2021-09-28T02:40:47","guid":{"rendered":"https:\/\/www.revistarescatados.com.ar\/web\/?p=15364"},"modified":"2021-09-27T23:40:52","modified_gmt":"2021-09-28T02:40:52","slug":"definiran-lineas-de-financiamiento-para-la-produccion-sustentable-de-calchaqui","status":"publish","type":"post","link":"https:\/\/www.revistarescatados.com.ar\/web\/2021\/09\/27\/definiran-lineas-de-financiamiento-para-la-produccion-sustentable-de-calchaqui\/","title":{"rendered":"Definir\u00e1n l\u00edneas de financiamiento para la producci\u00f3n sustentable de Calchaqu\u00ed"},"content":{"rendered":"\n<p><strong><span class=\"has-inline-color has-vivid-red-color\">Este mi\u00e9rcoles se realizar\u00e1 una mesa de di\u00e1logo en el sal\u00f3n de la Fundaci\u00f3n MR, para la producci\u00f3n hort\u00edcola, de especies menores (pollos-huevos), ap\u00edcola y peque\u00f1os productores ganaderos.<\/span><\/strong><\/p>\n\n\n\n<figure class=\"wp-block-image size-large\"><img loading=\"lazy\" width=\"1024\" height=\"1024\" src=\"https:\/\/www.revistarescatados.com.ar\/web\/wp-content\/uploads\/2021\/09\/mesas-de-dialogo-1024x1024.jpg\" alt=\"\" class=\"wp-image-15365\" srcset=\"https:\/\/www.revistarescatados.com.ar\/web\/wp-content\/uploads\/2021\/09\/mesas-de-dialogo-1024x1024.jpg 1024w, https:\/\/www.revistarescatados.com.ar\/web\/wp-content\/uploads\/2021\/09\/mesas-de-dialogo-300x300.jpg 300w, https:\/\/www.revistarescatados.com.ar\/web\/wp-content\/uploads\/2021\/09\/mesas-de-dialogo-150x150.jpg 150w, https:\/\/www.revistarescatados.com.ar\/web\/wp-content\/uploads\/2021\/09\/mesas-de-dialogo-768x768.jpg 768w, https:\/\/www.revistarescatados.com.ar\/web\/wp-content\/uploads\/2021\/09\/mesas-de-dialogo-80x80.jpg 80w, https:\/\/www.revistarescatados.com.ar\/web\/wp-content\/uploads\/2021\/09\/mesas-de-dialogo-320x320.jpg 320w, https:\/\/www.revistarescatados.com.ar\/web\/wp-content\/uploads\/2021\/09\/mesas-de-dialogo.jpg 1280w\" sizes=\"(max-width: 1024px) 100vw, 1024px\" \/><\/figure>\n\n\n\n<p>?Mi\u00e9rcoles 29\/09<\/p>\n\n\n\n<p>?Inicio 10:30 horas.<\/p>\n\n\n\n<p>?En el sal\u00f3n de la Fundaci\u00f3n MR<\/p>\n\n\n\n<p>\u2757Es muy importante la participaci\u00f3n para definir l\u00edneas de financiamiento para todos los sectores.<\/p>\n\n\n\n<p>\u2757Informes e inscripci\u00f3n:<br>?3483 431523<\/p>\n","protected":false},"excerpt":{"rendered":"<p>Este mi\u00e9rcoles se realizar\u00e1 una mesa de di\u00e1logo en el sal\u00f3n de la Fundaci\u00f3n MR, para la producci\u00f3n hort\u00edcola, de especies menores (pollos-huevos), ap\u00edcola y peque\u00f1os productores ganaderos. ?Mi\u00e9rcoles 29\/09 ?Inicio 10:30&#46;&#46;&#46;<\/p>\n","protected":false},"author":1,"featured_media":15365,"comment_status":"closed","ping_status":"closed","sticky":false,"template":"","format":"standard","meta":[],"categories":[2,3,16,8],"tags":[],"_links":{"self":[{"href":"https:\/\/www.revistarescatados.com.ar\/web\/wp-json\/wp\/v2\/posts\/15364"}],"collection":[{"href":"https:\/\/www.revistarescatados.com.ar\/web\/wp-json\/wp\/v2\/posts"}],"about":[{"href":"https:\/\/www.revistarescatados.com.ar\/web\/wp-json\/wp\/v2\/types\/post"}],"author":[{"embeddable":true,"href":"https:\/\/www.revistarescatados.com.ar\/web\/wp-json\/wp\/v2\/users\/1"}],"replies":[{"embeddable":true,"href":"https:\/\/www.revistarescatados.com.ar\/web\/wp-json\/wp\/v2\/comments?post=15364"}],"version-history":[{"count":1,"href":"https:\/\/www.revistarescatados.com.ar\/web\/wp-json\/wp\/v2\/posts\/15364\/revisions"}],"predecessor-version":[{"id":15366,"href":"https:\/\/www.revistarescatados.com.ar\/web\/wp-json\/wp\/v2\/posts\/15364\/revisions\/15366"}],"wp:featuredmedia":[{"embeddable":true,"href":"https:\/\/www.revistarescatados.com.ar\/web\/wp-json\/wp\/v2\/media\/15365"}],"wp:attachment":[{"href":"https:\/\/www.revistarescatados.com.ar\/web\/wp-json\/wp\/v2\/media?parent=15364"}],"wp:term":[{"taxonomy":"category","embeddable":true,"href":"https:\/\/www.revistarescatados.com.ar\/web\/wp-json\/wp\/v2\/categories?post=15364"},{"taxonomy":"post_tag","embeddable":true,"href":"https:\/\/www.revistarescatados.com.ar\/web\/wp-json\/wp\/v2\/tags?post=15364"}],"curies":[{"name":"wp","href":"https:\/\/api.w.org\/{rel}","templated":true}]}}