{"id":15393,"date":"2021-10-01T23:36:02","date_gmt":"2021-10-02T02:36:02","guid":{"rendered":"https:\/\/www.revistarescatados.com.ar\/web\/?p=15393"},"modified":"2021-10-01T23:36:08","modified_gmt":"2021-10-02T02:36:08","slug":"la-provincia-ofrecio-un-17-de-aumento-salarial-a-los-docentes","status":"publish","type":"post","link":"https:\/\/www.revistarescatados.com.ar\/web\/2021\/10\/01\/la-provincia-ofrecio-un-17-de-aumento-salarial-a-los-docentes\/","title":{"rendered":"La provincia ofreci\u00f3 un 17% de aumento salarial a los docentes"},"content":{"rendered":"\n<p><strong><span class=\"has-inline-color has-vivid-red-color\"> Se compone de tres tramos: en octubre un 10%, en diciembre otro 5% y en enero 2022 el 2% final.  Es decir se va estar redondeando un incremento del 52%  en este a\u00f1o.<\/span><\/strong><\/p>\n\n\n\n<p><\/p>\n\n\n\n<p><span class=\"has-inline-color has-black-color\">La ministra de Educaci\u00f3n de la provincia, Adriana Cantero, junto al ministro de Trabajo, Empleo y Seguridad Social, Juan Manuel Pusineri, participaron de un nuevo encuentro paritario con los gremios representantes de los docentes.<\/span><\/p>\n\n\n\n<p>Tras el encuentro con los sindicatos, en donde el Gobierno de Santa Fe realiz\u00f3 una oferta del 17% de aumento salarial para el sector, el ministro de Trabajo se\u00f1al\u00f3: \u201cHemos concretado la instancia de revisi\u00f3n de la pol\u00edtica salarial y esta propuesta significa agregar un 17% m\u00e1s a lo que fue la oferta que se formul\u00f3 en el mes de marzo que fue aceptada por los gremios docentes. Es decir que vamos a estar redondeando un incremento del 52% que se compone de tres tramos, un primer tramo que se va a liquidar con los haberes del mes de octubre del 10%, un segundo tramo que se va a liquidar con los haberes del mes de diciembre del 5% y un tercer tramo que se va a liquidar con los haberes del mes de enero 2022 del 2%\u201d.<\/p>\n\n\n\n<figure class=\"wp-block-embed\"><div class=\"wp-block-embed__wrapper\">\n<div style=\"width: 640px;\" class=\"wp-video\"><!--[if lt IE 9]><script>document.createElement('video');<\/script><![endif]-->\n<video class=\"wp-video-shortcode\" id=\"video-15393-1\" width=\"640\" height=\"360\" preload=\"metadata\" controls=\"controls\"><source type=\"video\/mp4\" src=\"https:\/\/www.santafe.gob.ar\/noticias\/recursos\/videosHD\/2021\/10\/2021-10-01NID_272503O_1.mp4?_=1\" \/><a href=\"https:\/\/www.santafe.gob.ar\/noticias\/recursos\/videosHD\/2021\/10\/2021-10-01NID_272503O_1.mp4\">https:\/\/www.santafe.gob.ar\/noticias\/recursos\/videosHD\/2021\/10\/2021-10-01NID_272503O_1.mp4<\/a><\/video><\/div>\n<\/div><\/figure>\n\n\n\n<p>Adem\u00e1s, Pusineri explic\u00f3 que \u201ceste incremento salarial permite tambi\u00e9n cumplir con otro de los objetivos que nos hab\u00edamos propuesto, que era que el salario se ubique por encima de la inflaci\u00f3n\u201d.<\/p>\n\n\n\n<p>Asimismo, \u201ctal como nos hab\u00edamos comprometido, vamos a dar inicio a partir del mes de febrero del a\u00f1o que viene el blanqueo de las sumas no remunerativas, iniciando un esquema de transformaci\u00f3n en remunerativas esas sumas\u201d.<\/p>\n\n\n\n<p>En ese contexto, el ministro Pusineri aclar\u00f3: \u201cRespecto de esto, y porque fue materia de an\u00e1lisis oportunamente, este blanqueo no va en detrimento alguno en los haberes de los trabajadores porque as\u00ed nos comprometimos: es decir que el costo del blanqueo va ser asumido exclusivamente por parte del Estado\u201d.<\/p>\n\n\n\n<p>Por \u00faltimo, el funcionario provincial manifest\u00f3 que \u201cestos dos puntos, es decir, la pol\u00edtica salarial como tambi\u00e9n la situaci\u00f3n de blanqueo, va ser trasladada con la mismas condiciones y con las mismas caracter\u00edsticas al sector pasivo. Y tambi\u00e9n vamos a estar volvi\u00e9ndonos a encontrar para definir la pol\u00edtica del a\u00f1o que viene con los gremios docentes durante el transcurso del mes de febrero\u201d.<\/p>\n\n\n\n<figure class=\"wp-block-embed\"><div class=\"wp-block-embed__wrapper\">\nhttps:\/\/www.santafe.gob.ar\/noticias\/recursos\/documentos\/2021\/10\/2021-10-01NID_272503O_1.pdf\n<\/div><\/figure>\n","protected":false},"excerpt":{"rendered":"<p>Se compone de tres tramos: en octubre un 10%, en diciembre otro 5% y en enero 2022 el 2% final. Es decir se va estar redondeando un incremento del 52% en este&#46;&#46;&#46;<\/p>\n","protected":false},"author":1,"featured_media":12688,"comment_status":"closed","ping_status":"closed","sticky":false,"template":"","format":"standard","meta":[],"categories":[16,15,10,12],"tags":[],"_links":{"self":[{"href":"https:\/\/www.revistarescatados.com.ar\/web\/wp-json\/wp\/v2\/posts\/15393"}],"collection":[{"href":"https:\/\/www.revistarescatados.com.ar\/web\/wp-json\/wp\/v2\/posts"}],"about":[{"href":"https:\/\/www.revistarescatados.com.ar\/web\/wp-json\/wp\/v2\/types\/post"}],"author":[{"embeddable":true,"href":"https:\/\/www.revistarescatados.com.ar\/web\/wp-json\/wp\/v2\/users\/1"}],"replies":[{"embeddable":true,"href":"https:\/\/www.revistarescatados.com.ar\/web\/wp-json\/wp\/v2\/comments?post=15393"}],"version-history":[{"count":1,"href":"https:\/\/www.revistarescatados.com.ar\/web\/wp-json\/wp\/v2\/posts\/15393\/revisions"}],"predecessor-version":[{"id":15394,"href":"https:\/\/www.revistarescatados.com.ar\/web\/wp-json\/wp\/v2\/posts\/15393\/revisions\/15394"}],"wp:featuredmedia":[{"embeddable":true,"href":"https:\/\/www.revistarescatados.com.ar\/web\/wp-json\/wp\/v2\/media\/12688"}],"wp:attachment":[{"href":"https:\/\/www.revistarescatados.com.ar\/web\/wp-json\/wp\/v2\/media?parent=15393"}],"wp:term":[{"taxonomy":"category","embeddable":true,"href":"https:\/\/www.revistarescatados.com.ar\/web\/wp-json\/wp\/v2\/categories?post=15393"},{"taxonomy":"post_tag","embeddable":true,"href":"https:\/\/www.revistarescatados.com.ar\/web\/wp-json\/wp\/v2\/tags?post=15393"}],"curies":[{"name":"wp","href":"https:\/\/api.w.org\/{rel}","templated":true}]}}