{"id":15401,"date":"2021-10-01T23:58:37","date_gmt":"2021-10-02T02:58:37","guid":{"rendered":"https:\/\/www.revistarescatados.com.ar\/web\/?p=15401"},"modified":"2021-10-01T23:58:43","modified_gmt":"2021-10-02T02:58:43","slug":"el-coro-sinfonia-otonal-de-san-justo-participo-de-un-encuentro-coral-latinoamericano","status":"publish","type":"post","link":"https:\/\/www.revistarescatados.com.ar\/web\/2021\/10\/01\/el-coro-sinfonia-otonal-de-san-justo-participo-de-un-encuentro-coral-latinoamericano\/","title":{"rendered":"El Coro Sinfon\u00eda Oto\u00f1al de San Justo participo de un encuentro coral latinoamericano"},"content":{"rendered":"\n<p><strong><span class=\"has-inline-color has-vivid-red-color\">Con un trabajo impecable tuvo lugar la participaci\u00f3n del Coro Sinfon\u00eda Oto\u00f1al de San Justo en el Encuentro Latinoamericano de Coros. Esta vez, con la feliz participaci\u00f3n del grupo de baile &#8220;Somos Folklore&#8221; de la misma ciudad, que puso una nota de colorido a esta intervenci\u00f3n, ayudando as\u00ed a que se conozca nuestro Litoral Santafesino. <\/span><\/strong><\/p>\n\n\n\n<figure class=\"wp-block-image size-full\"><img loading=\"lazy\" width=\"842\" height=\"595\" src=\"https:\/\/www.revistarescatados.com.ar\/web\/wp-content\/uploads\/2021\/10\/sinfonia-otonal.jpg\" alt=\"\" class=\"wp-image-15402\" srcset=\"https:\/\/www.revistarescatados.com.ar\/web\/wp-content\/uploads\/2021\/10\/sinfonia-otonal.jpg 842w, https:\/\/www.revistarescatados.com.ar\/web\/wp-content\/uploads\/2021\/10\/sinfonia-otonal-300x212.jpg 300w, https:\/\/www.revistarescatados.com.ar\/web\/wp-content\/uploads\/2021\/10\/sinfonia-otonal-768x543.jpg 768w\" sizes=\"(max-width: 842px) 100vw, 842px\" \/><\/figure>\n\n\n\n<p>&#8220;Esta vez pudimos apreciar la canci\u00f3n &#8220;Juan de Gualey\u00e1n&#8221; interpretada por coro e instrumentistas con verdadera calidad, mereciendo todos sus protagonistas encendidos elogios de quienes pudieron escucharlos y verlos virtualmente&#8221;, desta\u00f3 Melik Angeloni.<\/p>\n\n\n\n<figure class=\"wp-block-image size-large\"><img loading=\"lazy\" width=\"1024\" height=\"726\" src=\"https:\/\/www.revistarescatados.com.ar\/web\/wp-content\/uploads\/2021\/10\/reencuentro-1024x726.jpg\" alt=\"\" class=\"wp-image-15403\" srcset=\"https:\/\/www.revistarescatados.com.ar\/web\/wp-content\/uploads\/2021\/10\/reencuentro-1024x726.jpg 1024w, https:\/\/www.revistarescatados.com.ar\/web\/wp-content\/uploads\/2021\/10\/reencuentro-300x213.jpg 300w, https:\/\/www.revistarescatados.com.ar\/web\/wp-content\/uploads\/2021\/10\/reencuentro-768x545.jpg 768w, https:\/\/www.revistarescatados.com.ar\/web\/wp-content\/uploads\/2021\/10\/reencuentro.jpg 1280w\" sizes=\"(max-width: 1024px) 100vw, 1024px\" \/><\/figure>\n\n\n\n<p>Por otra parte invit\u00f3 al reencuentro de ex alumnos del a\u00f1o 1961. &#8220;Hay numerosos ex alumnos del Colegio Urbano de Iriondo&#8221; del Ni\u00f1o Jes\u00fas de San Justo residiendo en la zona de influencia de Rescatados, por eso los convocamos a este sentido Encuentro de la Promoci\u00f3n 1961 que este a\u00f1o cumplen 60 a\u00f1os de Egresados. El Colegio los llama amorosamente&#8221;, cerr\u00f3.<\/p>\n","protected":false},"excerpt":{"rendered":"<p>Con un trabajo impecable tuvo lugar la participaci\u00f3n del Coro Sinfon\u00eda Oto\u00f1al de San Justo en el Encuentro Latinoamericano de Coros. Esta vez, con la feliz participaci\u00f3n del grupo de baile &#8220;Somos&#46;&#46;&#46;<\/p>\n","protected":false},"author":1,"featured_media":15402,"comment_status":"closed","ping_status":"closed","sticky":false,"template":"","format":"standard","meta":[],"categories":[7,4,16,8],"tags":[],"_links":{"self":[{"href":"https:\/\/www.revistarescatados.com.ar\/web\/wp-json\/wp\/v2\/posts\/15401"}],"collection":[{"href":"https:\/\/www.revistarescatados.com.ar\/web\/wp-json\/wp\/v2\/posts"}],"about":[{"href":"https:\/\/www.revistarescatados.com.ar\/web\/wp-json\/wp\/v2\/types\/post"}],"author":[{"embeddable":true,"href":"https:\/\/www.revistarescatados.com.ar\/web\/wp-json\/wp\/v2\/users\/1"}],"replies":[{"embeddable":true,"href":"https:\/\/www.revistarescatados.com.ar\/web\/wp-json\/wp\/v2\/comments?post=15401"}],"version-history":[{"count":1,"href":"https:\/\/www.revistarescatados.com.ar\/web\/wp-json\/wp\/v2\/posts\/15401\/revisions"}],"predecessor-version":[{"id":15404,"href":"https:\/\/www.revistarescatados.com.ar\/web\/wp-json\/wp\/v2\/posts\/15401\/revisions\/15404"}],"wp:featuredmedia":[{"embeddable":true,"href":"https:\/\/www.revistarescatados.com.ar\/web\/wp-json\/wp\/v2\/media\/15402"}],"wp:attachment":[{"href":"https:\/\/www.revistarescatados.com.ar\/web\/wp-json\/wp\/v2\/media?parent=15401"}],"wp:term":[{"taxonomy":"category","embeddable":true,"href":"https:\/\/www.revistarescatados.com.ar\/web\/wp-json\/wp\/v2\/categories?post=15401"},{"taxonomy":"post_tag","embeddable":true,"href":"https:\/\/www.revistarescatados.com.ar\/web\/wp-json\/wp\/v2\/tags?post=15401"}],"curies":[{"name":"wp","href":"https:\/\/api.w.org\/{rel}","templated":true}]}}