{"id":15514,"date":"2021-10-14T00:04:41","date_gmt":"2021-10-14T03:04:41","guid":{"rendered":"https:\/\/www.revistarescatados.com.ar\/web\/?p=15514"},"modified":"2021-10-14T00:04:47","modified_gmt":"2021-10-14T03:04:47","slug":"dos-siniestros-viales-en-margarita-volco-un-utilitario-y-chocaron-un-colectivo-y-un-camion","status":"publish","type":"post","link":"https:\/\/www.revistarescatados.com.ar\/web\/2021\/10\/14\/dos-siniestros-viales-en-margarita-volco-un-utilitario-y-chocaron-un-colectivo-y-un-camion\/","title":{"rendered":"Dos siniestros viales en Margarita: Volc\u00f3 un utilitario y chocaron un colectivo y un cami\u00f3n"},"content":{"rendered":"\n<figure class=\"wp-block-image size-large\"><img loading=\"lazy\" width=\"1024\" height=\"768\" src=\"https:\/\/www.revistarescatados.com.ar\/web\/wp-content\/uploads\/2021\/10\/CAMION-SINIESTRO-MARGARITA-1024x768.jpeg\" alt=\"\" class=\"wp-image-15516\" srcset=\"https:\/\/www.revistarescatados.com.ar\/web\/wp-content\/uploads\/2021\/10\/CAMION-SINIESTRO-MARGARITA-1024x768.jpeg 1024w, https:\/\/www.revistarescatados.com.ar\/web\/wp-content\/uploads\/2021\/10\/CAMION-SINIESTRO-MARGARITA-300x225.jpeg 300w, https:\/\/www.revistarescatados.com.ar\/web\/wp-content\/uploads\/2021\/10\/CAMION-SINIESTRO-MARGARITA-768x576.jpeg 768w, https:\/\/www.revistarescatados.com.ar\/web\/wp-content\/uploads\/2021\/10\/CAMION-SINIESTRO-MARGARITA.jpeg 1280w\" sizes=\"(max-width: 1024px) 100vw, 1024px\" \/><\/figure>\n\n\n\n<p><strong><span class=\"has-inline-color has-vivid-red-color\">En la tarde del mi\u00e9rcoles, se produjeron dos accidentes sobre la ruta nacional 11 a la altura de Margarita. En principio, un colectivo termin\u00f3 sin parabrisas al retomar la cinta asf\u00e1ltica por el roce de un cami\u00f3n. \u00e1s tarde, un utilitario con una pareja oriunda de Malabrigo volc\u00f3 al sur del pueblo.<\/span><\/strong><\/p>\n\n\n\n<p><\/p>\n\n\n\n<p>Personal policial de la Comisaria 4ta de Margarita siendo las 14, 50 horas de fecha 13 de Octubre de 2021\u00a0\u00a0 se constituyen\u00a0 en intercepci\u00f3n de calles Luciano Leiva y Ruta Nacional N\u00b011 de esa localidad.  Se hab\u00eda originado un accidente de tr\u00e1nsito protagonizado por\u00a0 un\u00a0\u00a0 colectivo,\u00a0 conducido por un masculino\u00a0 de 39 a\u00f1os de edad, domiciliado en\u00a0 la ciudad de San Francisco(C\u00f3rdoba), acompa\u00f1ado por otro masculino de Corrientes que circulaba por calle Luciano Leiva esa localidad hacia ruta Nacional N\u00b0 11,\u00a0 llevando en el micro 32 pasajeros.<\/p>\n\n\n\n<p> Por causas que se tratan de establecer entra en colisi\u00f3n con un cami\u00f3n VOLSWAGEN 17-250, TRACTOR DORMITORIO, con su semi enganchado,\u00a0 cargado con hilos, conducido por\u00a0 un hombre de\u00a0 56 a\u00f1os, domiciliado en\u00a0 Avellaneda, quien se dirig\u00eda en sentido Norte- Sur por ruta Nacional Nro 11.\u00a0 Examinados por medico en turno los ocupantes de ambos veh\u00edculos. <\/p>\n\n\n\n<figure class=\"wp-block-image size-full\"><img loading=\"lazy\" width=\"774\" height=\"452\" src=\"https:\/\/www.revistarescatados.com.ar\/web\/wp-content\/uploads\/2021\/10\/UTILITARIO-ACCIDENTE-MARGARITA.jpg\" alt=\"\" class=\"wp-image-15515\" srcset=\"https:\/\/www.revistarescatados.com.ar\/web\/wp-content\/uploads\/2021\/10\/UTILITARIO-ACCIDENTE-MARGARITA.jpg 774w, https:\/\/www.revistarescatados.com.ar\/web\/wp-content\/uploads\/2021\/10\/UTILITARIO-ACCIDENTE-MARGARITA-300x175.jpg 300w, https:\/\/www.revistarescatados.com.ar\/web\/wp-content\/uploads\/2021\/10\/UTILITARIO-ACCIDENTE-MARGARITA-768x448.jpg 768w\" sizes=\"(max-width: 774px) 100vw, 774px\" \/><\/figure>\n\n\n\n<p><strong><u><span class=\"has-inline-color has-vivid-red-color\">VUELCO<\/span><\/u><\/strong><\/p>\n\n\n\n<p><strong>\u00a0\u00a0\u00a0\u00a0\u00a0\u00a0\u00a0\u00a0\u00a0\u00a0\u00a0\u00a0\u00a0\u00a0\u00a0\u00a0\u00a0\u00a0\u00a0\u00a0\u00a0\u00a0\u00a0\u00a0\u00a0\u00a0\u00a0\u00a0\u00a0\u00a0\u00a0\u00a0\u00a0\u00a0\u00a0\u00a0\u00a0\u00a0\u00a0\u00a0\u00a0\u00a0\u00a0\u00a0\u00a0\u00a0\u00a0\u00a0\u00a0\u00a0\u00a0\u00a0<\/strong><\/p>\n\n\n\n<p>A las 17 y 30 horas, se constituyen en Ruta Nacional N\u00b011\u00a0 cardinal Sur de esa localidad, \u00a0por causas que se tratan de establecer,\u00a0 el conductor, un masculino de 50 a\u00f1os de edad, domiciliado en la ciudad de Malabrigo, pierde el control del veh\u00edculo ocasionando el vuelco; al momento del siniestro\u00a0 lo hac\u00eda\u00a0\u00a0 acompa\u00f1ado por una mujer de 54 a\u00f1os de edad, domiciliada en Malabrigo. Ambas personas fueron trasladadas al hospital local para su atenci\u00f3n medica.- Interviene UFI Nro 4-\u00a0 Vera .-\u00a0\u00a0\u00a0\u00a0\u00a0\u00a0\u00a0\u00a0\u00a0\u00a0\u00a0\u00a0\u00a0\u00a0\u00a0\u00a0\u00a0\u00a0\u00a0\u00a0\u00a0\u00a0\u00a0\u00a0\u00a0\u00a0\u00a0\u00a0\u00a0\u00a0\u00a0\u00a0\u00a0\u00a0\u00a0\u00a0\u00a0\u00a0\u00a0\u00a0\u00a0\u00a0\u00a0\u00a0\u00a0\u00a0\u00a0\u00a0\u00a0\u00a0\u00a0\u00a0\u00a0\u00a0\u00a0\u00a0\u00a0\u00a0\u00a0\u00a0\u00a0\u00a0\u00a0\u00a0\u00a0\u00a0<\/p>\n","protected":false},"excerpt":{"rendered":"<p>En la tarde del mi\u00e9rcoles, se produjeron dos accidentes sobre la ruta nacional 11 a la altura de Margarita. En principio, un colectivo termin\u00f3 sin parabrisas al retomar la cinta asf\u00e1ltica por&#46;&#46;&#46;<\/p>\n","protected":false},"author":1,"featured_media":15516,"comment_status":"closed","ping_status":"closed","sticky":false,"template":"","format":"standard","meta":[],"categories":[3,16,11],"tags":[],"_links":{"self":[{"href":"https:\/\/www.revistarescatados.com.ar\/web\/wp-json\/wp\/v2\/posts\/15514"}],"collection":[{"href":"https:\/\/www.revistarescatados.com.ar\/web\/wp-json\/wp\/v2\/posts"}],"about":[{"href":"https:\/\/www.revistarescatados.com.ar\/web\/wp-json\/wp\/v2\/types\/post"}],"author":[{"embeddable":true,"href":"https:\/\/www.revistarescatados.com.ar\/web\/wp-json\/wp\/v2\/users\/1"}],"replies":[{"embeddable":true,"href":"https:\/\/www.revistarescatados.com.ar\/web\/wp-json\/wp\/v2\/comments?post=15514"}],"version-history":[{"count":1,"href":"https:\/\/www.revistarescatados.com.ar\/web\/wp-json\/wp\/v2\/posts\/15514\/revisions"}],"predecessor-version":[{"id":15517,"href":"https:\/\/www.revistarescatados.com.ar\/web\/wp-json\/wp\/v2\/posts\/15514\/revisions\/15517"}],"wp:featuredmedia":[{"embeddable":true,"href":"https:\/\/www.revistarescatados.com.ar\/web\/wp-json\/wp\/v2\/media\/15516"}],"wp:attachment":[{"href":"https:\/\/www.revistarescatados.com.ar\/web\/wp-json\/wp\/v2\/media?parent=15514"}],"wp:term":[{"taxonomy":"category","embeddable":true,"href":"https:\/\/www.revistarescatados.com.ar\/web\/wp-json\/wp\/v2\/categories?post=15514"},{"taxonomy":"post_tag","embeddable":true,"href":"https:\/\/www.revistarescatados.com.ar\/web\/wp-json\/wp\/v2\/tags?post=15514"}],"curies":[{"name":"wp","href":"https:\/\/api.w.org\/{rel}","templated":true}]}}