{"id":15518,"date":"2021-10-15T00:06:54","date_gmt":"2021-10-15T03:06:54","guid":{"rendered":"https:\/\/www.revistarescatados.com.ar\/web\/?p=15518"},"modified":"2021-10-15T00:06:59","modified_gmt":"2021-10-15T03:06:59","slug":"en-la-plaza-central-de-calchaqui-se-llevara-a-cabo-el-ciclo-cultural-santa-fe-en-tu-corazon","status":"publish","type":"post","link":"https:\/\/www.revistarescatados.com.ar\/web\/2021\/10\/15\/en-la-plaza-central-de-calchaqui-se-llevara-a-cabo-el-ciclo-cultural-santa-fe-en-tu-corazon\/","title":{"rendered":"En la plaza central de Calchaqu\u00ed se llevar\u00e1 a cabo el ciclo cultural &#8220;Santa Fe en tu coraz\u00f3n&#8221;"},"content":{"rendered":"\n<p><strong><span class=\"has-inline-color has-vivid-red-color\">El programa itinerante del Ministerio de Cultura de la provincia, se desarrollar\u00e1 el pr\u00f3ximo viernes 22 de octubre, a partir de las 17 horas en la plaza &#8220;25 de mayo&#8221;. Adem\u00e1s de los espect\u00e1culos musicales y danza, se podr\u00e1 recorrer una feria de artesanos.<\/span><\/strong><\/p>\n\n\n\n<figure class=\"wp-block-image size-large\"><img loading=\"lazy\" width=\"1024\" height=\"795\" src=\"https:\/\/www.revistarescatados.com.ar\/web\/wp-content\/uploads\/2021\/10\/Santa-Fe-en-tu-corazon-1024x795.jpg\" alt=\"\" class=\"wp-image-15520\" srcset=\"https:\/\/www.revistarescatados.com.ar\/web\/wp-content\/uploads\/2021\/10\/Santa-Fe-en-tu-corazon-1024x795.jpg 1024w, https:\/\/www.revistarescatados.com.ar\/web\/wp-content\/uploads\/2021\/10\/Santa-Fe-en-tu-corazon-300x233.jpg 300w, https:\/\/www.revistarescatados.com.ar\/web\/wp-content\/uploads\/2021\/10\/Santa-Fe-en-tu-corazon-768x596.jpg 768w, https:\/\/www.revistarescatados.com.ar\/web\/wp-content\/uploads\/2021\/10\/Santa-Fe-en-tu-corazon-1536x1192.jpg 1536w, https:\/\/www.revistarescatados.com.ar\/web\/wp-content\/uploads\/2021\/10\/Santa-Fe-en-tu-corazon.jpg 1920w\" sizes=\"(max-width: 1024px) 100vw, 1024px\" \/><\/figure>\n\n\n\n<p>Los shows en vivo y danzas ser\u00e1n:<br>?\ufe0fBallet IRUP\u00c9<br>?\ufe0fBallet Tinkunaco<br>?\ufe0f2en2<br>?\ufe0fDaniela Massaro<br>?\ufe0fMARIO PEREYRA<br><\/p>\n\n\n\n<figure class=\"wp-block-image size-large\"><img loading=\"lazy\" width=\"1024\" height=\"1024\" src=\"https:\/\/www.revistarescatados.com.ar\/web\/wp-content\/uploads\/2021\/10\/CRONOGRAMA-SANTA-FE-EN-TU-CORAZON-1024x1024.jpg\" alt=\"\" class=\"wp-image-15519\" srcset=\"https:\/\/www.revistarescatados.com.ar\/web\/wp-content\/uploads\/2021\/10\/CRONOGRAMA-SANTA-FE-EN-TU-CORAZON-1024x1024.jpg 1024w, https:\/\/www.revistarescatados.com.ar\/web\/wp-content\/uploads\/2021\/10\/CRONOGRAMA-SANTA-FE-EN-TU-CORAZON-300x300.jpg 300w, https:\/\/www.revistarescatados.com.ar\/web\/wp-content\/uploads\/2021\/10\/CRONOGRAMA-SANTA-FE-EN-TU-CORAZON-150x150.jpg 150w, https:\/\/www.revistarescatados.com.ar\/web\/wp-content\/uploads\/2021\/10\/CRONOGRAMA-SANTA-FE-EN-TU-CORAZON-768x768.jpg 768w, https:\/\/www.revistarescatados.com.ar\/web\/wp-content\/uploads\/2021\/10\/CRONOGRAMA-SANTA-FE-EN-TU-CORAZON-80x80.jpg 80w, https:\/\/www.revistarescatados.com.ar\/web\/wp-content\/uploads\/2021\/10\/CRONOGRAMA-SANTA-FE-EN-TU-CORAZON-320x320.jpg 320w, https:\/\/www.revistarescatados.com.ar\/web\/wp-content\/uploads\/2021\/10\/CRONOGRAMA-SANTA-FE-EN-TU-CORAZON.jpg 1080w\" sizes=\"(max-width: 1024px) 100vw, 1024px\" \/><\/figure>\n","protected":false},"excerpt":{"rendered":"<p>El programa itinerante del Ministerio de Cultura de la provincia, se desarrollar\u00e1 el pr\u00f3ximo viernes 22 de octubre, a partir de las 17 horas en la plaza &#8220;25 de mayo&#8221;. Adem\u00e1s de&#46;&#46;&#46;<\/p>\n","protected":false},"author":1,"featured_media":15520,"comment_status":"closed","ping_status":"closed","sticky":false,"template":"","format":"standard","meta":[],"categories":[2,7,3,16],"tags":[],"_links":{"self":[{"href":"https:\/\/www.revistarescatados.com.ar\/web\/wp-json\/wp\/v2\/posts\/15518"}],"collection":[{"href":"https:\/\/www.revistarescatados.com.ar\/web\/wp-json\/wp\/v2\/posts"}],"about":[{"href":"https:\/\/www.revistarescatados.com.ar\/web\/wp-json\/wp\/v2\/types\/post"}],"author":[{"embeddable":true,"href":"https:\/\/www.revistarescatados.com.ar\/web\/wp-json\/wp\/v2\/users\/1"}],"replies":[{"embeddable":true,"href":"https:\/\/www.revistarescatados.com.ar\/web\/wp-json\/wp\/v2\/comments?post=15518"}],"version-history":[{"count":1,"href":"https:\/\/www.revistarescatados.com.ar\/web\/wp-json\/wp\/v2\/posts\/15518\/revisions"}],"predecessor-version":[{"id":15521,"href":"https:\/\/www.revistarescatados.com.ar\/web\/wp-json\/wp\/v2\/posts\/15518\/revisions\/15521"}],"wp:featuredmedia":[{"embeddable":true,"href":"https:\/\/www.revistarescatados.com.ar\/web\/wp-json\/wp\/v2\/media\/15520"}],"wp:attachment":[{"href":"https:\/\/www.revistarescatados.com.ar\/web\/wp-json\/wp\/v2\/media?parent=15518"}],"wp:term":[{"taxonomy":"category","embeddable":true,"href":"https:\/\/www.revistarescatados.com.ar\/web\/wp-json\/wp\/v2\/categories?post=15518"},{"taxonomy":"post_tag","embeddable":true,"href":"https:\/\/www.revistarescatados.com.ar\/web\/wp-json\/wp\/v2\/tags?post=15518"}],"curies":[{"name":"wp","href":"https:\/\/api.w.org\/{rel}","templated":true}]}}