{"id":15522,"date":"2021-10-15T00:14:51","date_gmt":"2021-10-15T03:14:51","guid":{"rendered":"https:\/\/www.revistarescatados.com.ar\/web\/?p=15522"},"modified":"2021-10-15T00:14:57","modified_gmt":"2021-10-15T03:14:57","slug":"otra-vez-un-adolescente-de-15-anos-robo-en-la-udes-san-cayetano","status":"publish","type":"post","link":"https:\/\/www.revistarescatados.com.ar\/web\/2021\/10\/15\/otra-vez-un-adolescente-de-15-anos-robo-en-la-udes-san-cayetano\/","title":{"rendered":"Otra vez un adolescente de 15 a\u00f1os rob\u00f3 en la Udes San Cayetano"},"content":{"rendered":"\n<p><strong><span class=\"has-inline-color has-vivid-red-color\">La polic\u00eda local esclareci\u00f3 el robo calificado de un termo y mates del sal\u00f3n municipal, tras haber da\u00f1ado el vidrio de un ventiluz para ingresar a cometer el il\u00edcito en la madrugada del mi\u00e9rcoles. <\/span><\/strong><\/p>\n\n\n\n<figure class=\"wp-block-image size-full\"><img loading=\"lazy\" width=\"720\" height=\"624\" src=\"https:\/\/www.revistarescatados.com.ar\/web\/wp-content\/uploads\/2021\/10\/robo-udes-calchaqui.jpg\" alt=\"\" class=\"wp-image-15523\" srcset=\"https:\/\/www.revistarescatados.com.ar\/web\/wp-content\/uploads\/2021\/10\/robo-udes-calchaqui.jpg 720w, https:\/\/www.revistarescatados.com.ar\/web\/wp-content\/uploads\/2021\/10\/robo-udes-calchaqui-300x260.jpg 300w\" sizes=\"(max-width: 720px) 100vw, 720px\" \/><\/figure>\n\n\n\n<p>Personal policial de la Comisaria Segunda de Calchaqu\u00ed llevo adelante diligencias investigativas relacionada a la denuncia de un robo perpetrado en la sede de UDES, ubicada en barrio San Cayetano. <\/p>\n\n\n\n<p>En la noche madrugada del mi\u00e9rcoles 14 de octubre,  ingresaron al lugar previo ocasionar da\u00f1os en un vidrio de un ventiluz del lugar y sustrajeron (01) TERMO MARCA LUMILAGRO, COLOR GRIS, (02) MATES FORRADOS DE COLOR VERDE, (01) MATE FORRADO DE ANIMAL PRINT, (01) MATE DE MADERA CON REVISTIMIENTO DE ALUMINIO, (01) AZUCARERA DE PL\u00c1STICO.<\/p>\n\n\n\n<p>Como resultado de las pesquisas se comprob\u00f3 que no ser\u00eda ajeno al il\u00edcito un joven de 15 a\u00f1os de edad. Previa requisa en el domicilio del menor con los recaudos legales, procedieron al secuestro preventivo de todos los elementos antes mencionado. Interviene Jugado de Menores Ciudad de Reconquista<\/p>\n","protected":false},"excerpt":{"rendered":"<p>La polic\u00eda local esclareci\u00f3 el robo calificado de un termo y mates del sal\u00f3n municipal, tras haber da\u00f1ado el vidrio de un ventiluz para ingresar a cometer el il\u00edcito en la madrugada&#46;&#46;&#46;<\/p>\n","protected":false},"author":1,"featured_media":15523,"comment_status":"closed","ping_status":"closed","sticky":false,"template":"","format":"standard","meta":[],"categories":[2,3,16,11],"tags":[],"_links":{"self":[{"href":"https:\/\/www.revistarescatados.com.ar\/web\/wp-json\/wp\/v2\/posts\/15522"}],"collection":[{"href":"https:\/\/www.revistarescatados.com.ar\/web\/wp-json\/wp\/v2\/posts"}],"about":[{"href":"https:\/\/www.revistarescatados.com.ar\/web\/wp-json\/wp\/v2\/types\/post"}],"author":[{"embeddable":true,"href":"https:\/\/www.revistarescatados.com.ar\/web\/wp-json\/wp\/v2\/users\/1"}],"replies":[{"embeddable":true,"href":"https:\/\/www.revistarescatados.com.ar\/web\/wp-json\/wp\/v2\/comments?post=15522"}],"version-history":[{"count":1,"href":"https:\/\/www.revistarescatados.com.ar\/web\/wp-json\/wp\/v2\/posts\/15522\/revisions"}],"predecessor-version":[{"id":15524,"href":"https:\/\/www.revistarescatados.com.ar\/web\/wp-json\/wp\/v2\/posts\/15522\/revisions\/15524"}],"wp:featuredmedia":[{"embeddable":true,"href":"https:\/\/www.revistarescatados.com.ar\/web\/wp-json\/wp\/v2\/media\/15523"}],"wp:attachment":[{"href":"https:\/\/www.revistarescatados.com.ar\/web\/wp-json\/wp\/v2\/media?parent=15522"}],"wp:term":[{"taxonomy":"category","embeddable":true,"href":"https:\/\/www.revistarescatados.com.ar\/web\/wp-json\/wp\/v2\/categories?post=15522"},{"taxonomy":"post_tag","embeddable":true,"href":"https:\/\/www.revistarescatados.com.ar\/web\/wp-json\/wp\/v2\/tags?post=15522"}],"curies":[{"name":"wp","href":"https:\/\/api.w.org\/{rel}","templated":true}]}}