{"id":1558,"date":"2018-08-15T22:55:06","date_gmt":"2018-08-16T01:55:06","guid":{"rendered":"http:\/\/www.revistarescatados.com.ar\/web\/?p=1558"},"modified":"2018-08-15T22:55:06","modified_gmt":"2018-08-16T01:55:06","slug":"el-23-de-octubre-se-sortearan-40-viviendas-en-la-ciudad-de-vera","status":"publish","type":"post","link":"https:\/\/www.revistarescatados.com.ar\/web\/2018\/08\/15\/el-23-de-octubre-se-sortearan-40-viviendas-en-la-ciudad-de-vera\/","title":{"rendered":"El 23 de octubre se sortear\u00e1n 40 viviendas en la ciudad de Vera"},"content":{"rendered":"<div>\n<p><img loading=\"lazy\" class=\"aligncenter size-full wp-image-1560\" src=\"http:\/\/www.revistarescatados.com.ar\/web\/wp-content\/uploads\/2018\/08\/Registro-Digital-2.jpg\" alt=\"\" width=\"873\" height=\"592\" srcset=\"https:\/\/www.revistarescatados.com.ar\/web\/wp-content\/uploads\/2018\/08\/Registro-Digital-2.jpg 873w, https:\/\/www.revistarescatados.com.ar\/web\/wp-content\/uploads\/2018\/08\/Registro-Digital-2-300x203.jpg 300w, https:\/\/www.revistarescatados.com.ar\/web\/wp-content\/uploads\/2018\/08\/Registro-Digital-2-768x521.jpg 768w\" sizes=\"(max-width: 873px) 100vw, 873px\" \/><\/p>\n<p><span style=\"color: #0000ff;\"><strong>En el marco del Plan del Norte, el gobierno de Santa Fe present\u00f3 este martes el Registro Digital de Acceso a la Vivienda en la ciudad de Vera de cara al sorteo de 40 viviendas\u00a0que se est\u00e1n construyendo en el barrio El Tri\u00e1ngulo.<\/strong><\/span><\/p>\n<p>El encuentro, que se realiz\u00f3 en la vecinal El Tri\u00e1ngulo, fue encabezado por el secretario de Estado del H\u00e1bitat, Diego Leone, quien explic\u00f3 los detalles del nuevo sistema de inscripci\u00f3n digital.<\/p>\n<p>Al respecto, el funcionario provincial dijo: \u201cel gobernador, Miguel Lifschitz, nos pidi\u00f3 trabajar sobre la transparencia e innovar tecnol\u00f3gicamente. Por eso, desarrollamos el Registro Digital de Acceso a la Vivienda\u201d.<\/p>\n<p>\u201cCualquier vecino interesado en participar de los sorteos de viviendas puede inscribirse en pocos minutos y sin intermediarios desde una computadora con Internet\u201d, destac\u00f3 Leone.<\/p>\n<p>A su turno, el coordinador del Plan del Norte, Sergio Rojas, declar\u00f3: \u201cVenimos trabajando con Diego Leone desde el 2015 en lo que tiene que ver con el acceso a la vivienda y la escrituraci\u00f3n, dos ejes fundamentales de la gesti\u00f3n del gobernador\u201d.<\/p>\n<p>Adem\u00e1s, Rojas record\u00f3 que hace pocos d\u00edas se firm\u00f3 un convenio para realizar 20 nuevas viviendas en Vera que se destinar\u00e1n exclusivamente para docentes y que se construir\u00e1n en el barrio Itat\u00ed.<\/p>\n<p><img loading=\"lazy\" class=\"aligncenter size-full wp-image-1559\" src=\"http:\/\/www.revistarescatados.com.ar\/web\/wp-content\/uploads\/2018\/08\/Registro-Digital-1.jpg\" alt=\"\" width=\"873\" height=\"592\" srcset=\"https:\/\/www.revistarescatados.com.ar\/web\/wp-content\/uploads\/2018\/08\/Registro-Digital-1.jpg 873w, https:\/\/www.revistarescatados.com.ar\/web\/wp-content\/uploads\/2018\/08\/Registro-Digital-1-300x203.jpg 300w, https:\/\/www.revistarescatados.com.ar\/web\/wp-content\/uploads\/2018\/08\/Registro-Digital-1-768x521.jpg 768w\" sizes=\"(max-width: 873px) 100vw, 873px\" \/><\/p>\n<p><strong><span style=\"color: #0000ff;\">REQUISITOS<\/span><\/strong><\/p>\n<p>Las familias interesadas en participar del sorteo de las 40 viviendas deber\u00e1n realizar el tr\u00e1mite de inscripci\u00f3n exclusivamente a trav\u00e9s de Internet.<\/p>\n<p>Habr\u00e1 tiempo hasta el 18 de septiembre para ingresar a la p\u00e1gina web de la provincia (<a href=\"http:\/\/www.santafe.gov.ar\/habitat\" target=\"_blank\" rel=\"noopener noreferrer\" data-auth=\"NotApplicable\">www.santafe.gov.ar\/habitat<\/a>), y completar el formulario de inscripci\u00f3n que se encuentra en la secci\u00f3n \u201cRegistro Digital de Acceso a la Vivienda\u201d.<\/p>\n<p>En tanto, el sorteo se realizar\u00e1 el 23 de octubre y para participar del mismo las familias deber\u00e1n cumplir con los siguientes requisitos: conformar un grupo familiar conviviente, contar con ingresos m\u00ednimos demostrables (por familia) que alcancen los $15.000 y un m\u00e1ximo de $40.000, residir o trabajar en Vera como m\u00ednimo desde hace dos a\u00f1os y no poseer vivienda.<\/p>\n<p><strong><span style=\"color: #0000ff;\">LAS VIVIENDAS<\/span><\/strong><\/p>\n<p>Las nuevas unidades habitacionales representan una inversi\u00f3n provincial de m\u00e1s de 40 millones de pesos y est\u00e1n siendo construidas en el barrio El Tri\u00e1ngulo por la U.T.E. Constructora Comercial del Arquitecto Juan Manuel Campana y Arquitecto Mario Iglesias.<\/p>\n<p>La obra implica la construcci\u00f3n de 40 viviendas de dos dormitorios equipadas con calefones solares, entre las que se encuentran dos unidades adaptadas para personas con discapacidad motriz.<\/p>\n<p>Cabe destacar que la provincia tambi\u00e9n est\u00e1 realizando en el lugar obras de infraestructura que incluyen provisi\u00f3n de energ\u00eda el\u00e9ctrica, alumbrado p\u00fablico, red de agua potable, desag\u00fces pluviales, red vial, veredas, rampas y arbolado.<\/p>\n<\/div>\n","protected":false},"excerpt":{"rendered":"<p>En el marco del Plan del Norte, el gobierno de Santa Fe present\u00f3 este martes el Registro Digital de Acceso a la Vivienda en la ciudad de Vera de cara al sorteo&#46;&#46;&#46;<\/p>\n","protected":false},"author":1,"featured_media":1559,"comment_status":"closed","ping_status":"open","sticky":false,"template":"","format":"standard","meta":[],"categories":[3,16,8],"tags":[],"_links":{"self":[{"href":"https:\/\/www.revistarescatados.com.ar\/web\/wp-json\/wp\/v2\/posts\/1558"}],"collection":[{"href":"https:\/\/www.revistarescatados.com.ar\/web\/wp-json\/wp\/v2\/posts"}],"about":[{"href":"https:\/\/www.revistarescatados.com.ar\/web\/wp-json\/wp\/v2\/types\/post"}],"author":[{"embeddable":true,"href":"https:\/\/www.revistarescatados.com.ar\/web\/wp-json\/wp\/v2\/users\/1"}],"replies":[{"embeddable":true,"href":"https:\/\/www.revistarescatados.com.ar\/web\/wp-json\/wp\/v2\/comments?post=1558"}],"version-history":[{"count":1,"href":"https:\/\/www.revistarescatados.com.ar\/web\/wp-json\/wp\/v2\/posts\/1558\/revisions"}],"predecessor-version":[{"id":1561,"href":"https:\/\/www.revistarescatados.com.ar\/web\/wp-json\/wp\/v2\/posts\/1558\/revisions\/1561"}],"wp:featuredmedia":[{"embeddable":true,"href":"https:\/\/www.revistarescatados.com.ar\/web\/wp-json\/wp\/v2\/media\/1559"}],"wp:attachment":[{"href":"https:\/\/www.revistarescatados.com.ar\/web\/wp-json\/wp\/v2\/media?parent=1558"}],"wp:term":[{"taxonomy":"category","embeddable":true,"href":"https:\/\/www.revistarescatados.com.ar\/web\/wp-json\/wp\/v2\/categories?post=1558"},{"taxonomy":"post_tag","embeddable":true,"href":"https:\/\/www.revistarescatados.com.ar\/web\/wp-json\/wp\/v2\/tags?post=1558"}],"curies":[{"name":"wp","href":"https:\/\/api.w.org\/{rel}","templated":true}]}}