{"id":15628,"date":"2021-10-27T00:21:07","date_gmt":"2021-10-27T03:21:07","guid":{"rendered":"https:\/\/www.revistarescatados.com.ar\/web\/?p=15628"},"modified":"2021-10-27T00:21:13","modified_gmt":"2021-10-27T03:21:13","slug":"secuestraron-una-moto-conducida-por-un-adolescente-en-el-boulevard-belgrano","status":"publish","type":"post","link":"https:\/\/www.revistarescatados.com.ar\/web\/2021\/10\/27\/secuestraron-una-moto-conducida-por-un-adolescente-en-el-boulevard-belgrano\/","title":{"rendered":"Secuestraron una moto conducida por un adolescente en el boulevard Belgrano"},"content":{"rendered":"\n<p><\/p>\n\n\n\n<p><strong><span class=\"has-inline-color has-vivid-red-color\">El menor realizaba maniobras peligrosas en la calle principal de la ciudad. Al ser detenido, fue citado su padre, a quien le labraron las actuaciones correspondientes.<\/span><\/strong><\/p>\n\n\n\n<figure class=\"wp-block-image size-large\"><img loading=\"lazy\" width=\"1024\" height=\"768\" src=\"https:\/\/www.revistarescatados.com.ar\/web\/wp-content\/uploads\/2021\/10\/moto-secuestrada-1024x768.jpg\" alt=\"\" class=\"wp-image-15629\" srcset=\"https:\/\/www.revistarescatados.com.ar\/web\/wp-content\/uploads\/2021\/10\/moto-secuestrada-1024x768.jpg 1024w, https:\/\/www.revistarescatados.com.ar\/web\/wp-content\/uploads\/2021\/10\/moto-secuestrada-300x225.jpg 300w, https:\/\/www.revistarescatados.com.ar\/web\/wp-content\/uploads\/2021\/10\/moto-secuestrada-768x576.jpg 768w, https:\/\/www.revistarescatados.com.ar\/web\/wp-content\/uploads\/2021\/10\/moto-secuestrada-1536x1153.jpg 1536w, https:\/\/www.revistarescatados.com.ar\/web\/wp-content\/uploads\/2021\/10\/moto-secuestrada.jpg 1599w\" sizes=\"(max-width: 1024px) 100vw, 1024px\" \/><\/figure>\n\n\n\n<p>El pasado s\u00e1bado 23 de octubre, personal policial de la Comisaria Segunda de Calchaqu\u00ed, en circunstancias de encontrarse efectuando patrullajes en prevenci\u00f3n de il\u00edcitos y\/o contravenciones observan la circulaci\u00f3n de una moto a gran velocidad conducida por un joven realizando maniobras peligrosas en Bulevar Belgrano poniendo en riesgo su vida y la de Terceros.<\/p>\n\n\n\n<p>&nbsp;Por lo que procedieron a detener la marcha e&nbsp; identificar su conductor siendo de 14 a\u00f1os de edad y la moto marca Guerrero GC 150 cc..<\/p>\n\n\n\n<p>El &nbsp;moto veh\u00edculo fue secuestrado preventivamente y el menor, citado su progenitor de 42 a\u00f1os de edad, a&nbsp; quien se le labraron las actuaciones correspondientes.<\/p>\n","protected":false},"excerpt":{"rendered":"<p>El menor realizaba maniobras peligrosas en la calle principal de la ciudad. Al ser detenido, fue citado su padre, a quien le labraron las actuaciones correspondientes. El pasado s\u00e1bado 23 de octubre,&#46;&#46;&#46;<\/p>\n","protected":false},"author":1,"featured_media":15629,"comment_status":"closed","ping_status":"closed","sticky":false,"template":"","format":"standard","meta":[],"categories":[2,3,16,11],"tags":[],"_links":{"self":[{"href":"https:\/\/www.revistarescatados.com.ar\/web\/wp-json\/wp\/v2\/posts\/15628"}],"collection":[{"href":"https:\/\/www.revistarescatados.com.ar\/web\/wp-json\/wp\/v2\/posts"}],"about":[{"href":"https:\/\/www.revistarescatados.com.ar\/web\/wp-json\/wp\/v2\/types\/post"}],"author":[{"embeddable":true,"href":"https:\/\/www.revistarescatados.com.ar\/web\/wp-json\/wp\/v2\/users\/1"}],"replies":[{"embeddable":true,"href":"https:\/\/www.revistarescatados.com.ar\/web\/wp-json\/wp\/v2\/comments?post=15628"}],"version-history":[{"count":1,"href":"https:\/\/www.revistarescatados.com.ar\/web\/wp-json\/wp\/v2\/posts\/15628\/revisions"}],"predecessor-version":[{"id":15630,"href":"https:\/\/www.revistarescatados.com.ar\/web\/wp-json\/wp\/v2\/posts\/15628\/revisions\/15630"}],"wp:featuredmedia":[{"embeddable":true,"href":"https:\/\/www.revistarescatados.com.ar\/web\/wp-json\/wp\/v2\/media\/15629"}],"wp:attachment":[{"href":"https:\/\/www.revistarescatados.com.ar\/web\/wp-json\/wp\/v2\/media?parent=15628"}],"wp:term":[{"taxonomy":"category","embeddable":true,"href":"https:\/\/www.revistarescatados.com.ar\/web\/wp-json\/wp\/v2\/categories?post=15628"},{"taxonomy":"post_tag","embeddable":true,"href":"https:\/\/www.revistarescatados.com.ar\/web\/wp-json\/wp\/v2\/tags?post=15628"}],"curies":[{"name":"wp","href":"https:\/\/api.w.org\/{rel}","templated":true}]}}