{"id":15636,"date":"2021-10-28T00:03:11","date_gmt":"2021-10-28T03:03:11","guid":{"rendered":"https:\/\/www.revistarescatados.com.ar\/web\/?p=15636"},"modified":"2021-10-28T00:03:16","modified_gmt":"2021-10-28T03:03:16","slug":"facundo-manes-visitara-avellaneda-y-reconquista","status":"publish","type":"post","link":"https:\/\/www.revistarescatados.com.ar\/web\/2021\/10\/28\/facundo-manes-visitara-avellaneda-y-reconquista\/","title":{"rendered":"Facundo Manes visitar\u00e1 Avellaneda y Reconquista"},"content":{"rendered":"\n<p><\/p>\n\n\n\n<p><strong><span class=\"has-inline-color has-vivid-red-color\">Este viernes 29 de octubre, el candidato a diputado por la provincia de Buenos Aires y compa\u00f1ero de f\u00f3rmula de Diego Santilli, brindar\u00e1 una conferencia de prensa, a partir de las 17 horas, en Alfonsina Resto ubicado en el edificio del Grand Hotel.<\/span><\/strong><\/p>\n\n\n\n<figure class=\"wp-block-image size-full\"><img loading=\"lazy\" width=\"719\" height=\"559\" src=\"https:\/\/www.revistarescatados.com.ar\/web\/wp-content\/uploads\/2021\/10\/Manes-en-Avellaneda-1.jpg\" alt=\"\" class=\"wp-image-15637\" srcset=\"https:\/\/www.revistarescatados.com.ar\/web\/wp-content\/uploads\/2021\/10\/Manes-en-Avellaneda-1.jpg 719w, https:\/\/www.revistarescatados.com.ar\/web\/wp-content\/uploads\/2021\/10\/Manes-en-Avellaneda-1-300x233.jpg 300w\" sizes=\"(max-width: 719px) 100vw, 719px\" \/><\/figure>\n\n\n\n<p><br>Luego har\u00e1 recorrido por los comercios de la ciudad de Reconquista con el fin de dialogar, acompa\u00f1ar e impulsar el desarrollo de los mismos.<\/p>\n\n\n\n<p><br>Despu\u00e9s, a las 20 horas en Plaza Central de Avellaneda, dictar\u00e1 la charla \u201cUn nuevo rumbo para la argentina del futuro\u201d abierta a todo p\u00fablico, tambi\u00e9n se podr\u00e1 seguir el evento a trav\u00e9s del canal local y las redes sociales de Dionisio.<\/p>\n\n\n\n<p><br>A la vez y a partir de las 19 horas estar\u00e1 habilitada La Calle del Sabor para disfrutar de un paseo gastron\u00f3mico al aire libre.<\/p>\n","protected":false},"excerpt":{"rendered":"<p>Este viernes 29 de octubre, el candidato a diputado por la provincia de Buenos Aires y compa\u00f1ero de f\u00f3rmula de Diego Santilli, brindar\u00e1 una conferencia de prensa, a partir de las 17&#46;&#46;&#46;<\/p>\n","protected":false},"author":1,"featured_media":15637,"comment_status":"closed","ping_status":"closed","sticky":false,"template":"","format":"standard","meta":[],"categories":[6,16,13],"tags":[],"_links":{"self":[{"href":"https:\/\/www.revistarescatados.com.ar\/web\/wp-json\/wp\/v2\/posts\/15636"}],"collection":[{"href":"https:\/\/www.revistarescatados.com.ar\/web\/wp-json\/wp\/v2\/posts"}],"about":[{"href":"https:\/\/www.revistarescatados.com.ar\/web\/wp-json\/wp\/v2\/types\/post"}],"author":[{"embeddable":true,"href":"https:\/\/www.revistarescatados.com.ar\/web\/wp-json\/wp\/v2\/users\/1"}],"replies":[{"embeddable":true,"href":"https:\/\/www.revistarescatados.com.ar\/web\/wp-json\/wp\/v2\/comments?post=15636"}],"version-history":[{"count":1,"href":"https:\/\/www.revistarescatados.com.ar\/web\/wp-json\/wp\/v2\/posts\/15636\/revisions"}],"predecessor-version":[{"id":15638,"href":"https:\/\/www.revistarescatados.com.ar\/web\/wp-json\/wp\/v2\/posts\/15636\/revisions\/15638"}],"wp:featuredmedia":[{"embeddable":true,"href":"https:\/\/www.revistarescatados.com.ar\/web\/wp-json\/wp\/v2\/media\/15637"}],"wp:attachment":[{"href":"https:\/\/www.revistarescatados.com.ar\/web\/wp-json\/wp\/v2\/media?parent=15636"}],"wp:term":[{"taxonomy":"category","embeddable":true,"href":"https:\/\/www.revistarescatados.com.ar\/web\/wp-json\/wp\/v2\/categories?post=15636"},{"taxonomy":"post_tag","embeddable":true,"href":"https:\/\/www.revistarescatados.com.ar\/web\/wp-json\/wp\/v2\/tags?post=15636"}],"curies":[{"name":"wp","href":"https:\/\/api.w.org\/{rel}","templated":true}]}}