{"id":15673,"date":"2021-10-30T09:36:34","date_gmt":"2021-10-30T12:36:34","guid":{"rendered":"https:\/\/www.revistarescatados.com.ar\/web\/?p=15673"},"modified":"2021-10-30T09:36:48","modified_gmt":"2021-10-30T12:36:48","slug":"recuperaron-un-secarropas-sustraido-por-un-adolescente-en-calchaqui","status":"publish","type":"post","link":"https:\/\/www.revistarescatados.com.ar\/web\/2021\/10\/30\/recuperaron-un-secarropas-sustraido-por-un-adolescente-en-calchaqui\/","title":{"rendered":"Recuperaron un secarropas sustra\u00eddo por un adolescente en Calchaqu\u00ed"},"content":{"rendered":"\n<p><strong><span class=\"has-inline-color has-vivid-red-color\">El electrodom\u00e9stico le fue robado a un hombre de 73 a\u00f1os. El autor del il\u00edcito quedo bajo la tutela de su madre al ser un menor de 15 a\u00f1os.<\/span><\/strong><\/p>\n\n\n\n<figure class=\"wp-block-image size-large\"><img loading=\"lazy\" width=\"768\" height=\"1024\" src=\"https:\/\/www.revistarescatados.com.ar\/web\/wp-content\/uploads\/2021\/10\/secarropa-recuperado-768x1024.jpeg\" alt=\"\" class=\"wp-image-15674\" srcset=\"https:\/\/www.revistarescatados.com.ar\/web\/wp-content\/uploads\/2021\/10\/secarropa-recuperado-768x1024.jpeg 768w, https:\/\/www.revistarescatados.com.ar\/web\/wp-content\/uploads\/2021\/10\/secarropa-recuperado-225x300.jpeg 225w, https:\/\/www.revistarescatados.com.ar\/web\/wp-content\/uploads\/2021\/10\/secarropa-recuperado.jpeg 864w\" sizes=\"(max-width: 768px) 100vw, 768px\" \/><\/figure>\n\n\n\n<p>Un vecino de 73a\u00f1os de edad denunci\u00f3 que le sustrajeron un SECARROPA COLOR<br>BLANCO, MARCA KOH-I-NOOR.<\/p>\n\n\n\n<p> De averiguaciones practicadas por personal actuante establecen que no ser\u00eda ajeno al hecho un joven de 15 a\u00f1os de edad. <\/p>\n\n\n\n<p> Previa autorizaci\u00f3n se llev\u00f3 a cabo requisa domiciliaria lugar en el que se procedi\u00f3 al secuestro preventivo del elemento. <\/p>\n\n\n\n<p>Posteriormente el menor y su progenitora trasladados a sede policial fines cumplimentar recaudos Legales.<\/p>\n","protected":false},"excerpt":{"rendered":"<p>El electrodom\u00e9stico le fue robado a un hombre de 73 a\u00f1os. El autor del il\u00edcito quedo bajo la tutela de su madre al ser un menor de 15 a\u00f1os. Un vecino de&#46;&#46;&#46;<\/p>\n","protected":false},"author":1,"featured_media":15674,"comment_status":"closed","ping_status":"closed","sticky":false,"template":"","format":"standard","meta":[],"categories":[2,3,16,11],"tags":[],"_links":{"self":[{"href":"https:\/\/www.revistarescatados.com.ar\/web\/wp-json\/wp\/v2\/posts\/15673"}],"collection":[{"href":"https:\/\/www.revistarescatados.com.ar\/web\/wp-json\/wp\/v2\/posts"}],"about":[{"href":"https:\/\/www.revistarescatados.com.ar\/web\/wp-json\/wp\/v2\/types\/post"}],"author":[{"embeddable":true,"href":"https:\/\/www.revistarescatados.com.ar\/web\/wp-json\/wp\/v2\/users\/1"}],"replies":[{"embeddable":true,"href":"https:\/\/www.revistarescatados.com.ar\/web\/wp-json\/wp\/v2\/comments?post=15673"}],"version-history":[{"count":1,"href":"https:\/\/www.revistarescatados.com.ar\/web\/wp-json\/wp\/v2\/posts\/15673\/revisions"}],"predecessor-version":[{"id":15675,"href":"https:\/\/www.revistarescatados.com.ar\/web\/wp-json\/wp\/v2\/posts\/15673\/revisions\/15675"}],"wp:featuredmedia":[{"embeddable":true,"href":"https:\/\/www.revistarescatados.com.ar\/web\/wp-json\/wp\/v2\/media\/15674"}],"wp:attachment":[{"href":"https:\/\/www.revistarescatados.com.ar\/web\/wp-json\/wp\/v2\/media?parent=15673"}],"wp:term":[{"taxonomy":"category","embeddable":true,"href":"https:\/\/www.revistarescatados.com.ar\/web\/wp-json\/wp\/v2\/categories?post=15673"},{"taxonomy":"post_tag","embeddable":true,"href":"https:\/\/www.revistarescatados.com.ar\/web\/wp-json\/wp\/v2\/tags?post=15673"}],"curies":[{"name":"wp","href":"https:\/\/api.w.org\/{rel}","templated":true}]}}