{"id":15712,"date":"2021-11-03T00:59:59","date_gmt":"2021-11-03T03:59:59","guid":{"rendered":"https:\/\/www.revistarescatados.com.ar\/web\/?p=15712"},"modified":"2021-11-03T01:00:04","modified_gmt":"2021-11-03T04:00:04","slug":"la-epe-ratifica-que-no-existen-nuevos-aumentos","status":"publish","type":"post","link":"https:\/\/www.revistarescatados.com.ar\/web\/2021\/11\/03\/la-epe-ratifica-que-no-existen-nuevos-aumentos\/","title":{"rendered":"La EPE ratifica que no existen nuevos aumentos"},"content":{"rendered":"\n<p><\/p>\n\n\n\n<p><strong><span class=\"has-inline-color has-vivid-red-color\">Se trata de la resoluci\u00f3n de la Audiencia P\u00fablica celebrada en abril de este a\u00f1o. La empresa se\u00f1ala que la vigencia del \u00faltimo tramo, impactar\u00e1 plenamente reci\u00e9n en enero del 2022.<\/span><\/strong><\/p>\n\n\n\n<figure class=\"wp-block-image size-large\"><img loading=\"lazy\" width=\"1024\" height=\"575\" src=\"http:\/\/www.revistarescatados.com.ar\/web\/wp-content\/uploads\/2019\/04\/Factura-EPE-1024x575.jpg\" alt=\"\" class=\"wp-image-4531\" srcset=\"https:\/\/www.revistarescatados.com.ar\/web\/wp-content\/uploads\/2019\/04\/Factura-EPE-1024x575.jpg 1024w, https:\/\/www.revistarescatados.com.ar\/web\/wp-content\/uploads\/2019\/04\/Factura-EPE-300x168.jpg 300w, https:\/\/www.revistarescatados.com.ar\/web\/wp-content\/uploads\/2019\/04\/Factura-EPE-768x431.jpg 768w, https:\/\/www.revistarescatados.com.ar\/web\/wp-content\/uploads\/2019\/04\/Factura-EPE.jpg 1140w\" sizes=\"(max-width: 1024px) 100vw, 1024px\" \/><\/figure>\n\n\n\n<p>La Empresa Provincial de la Energ\u00eda (EPE) confirma la informaci\u00f3n brindada a principios de mayo de este a\u00f1o, por el Ministerio de Infraestructura, Servicios P\u00fablicos y H\u00e1bitat, a trav\u00e9s de la Resoluci\u00f3n 306\/2021, sobre las autorizaciones de actualizaci\u00f3n de la tarifa el\u00e9ctrica solicitada en la audiencia p\u00fablica del 23 de abril pasado.<br>La Resoluci\u00f3n aprobaba el nuevo Valor Agregado de Distribuci\u00f3n de la Empresa Provincial de la Energ\u00eda de Santa Fe, quedando su aplicaci\u00f3n sujeta a las condiciones que se establecen.<\/p>\n\n\n\n<p>Instruye a la EPE para que los aumentos que se produzcan sobre los consumos para las tarifas de peque\u00f1as demandas de usuarios residenciales, comerciales, industriales e institucionales no superen el 31% en ninguno de sus segmentos de consumo respecto de las tarifas vigentes al 30 de abril.<\/p>\n\n\n\n<p>Para dicho sector, el primer incremento fue de un 14%, para los consumos registrados a partir de mayo, un segundo tramo del 8% se aplic\u00f3 para los consumos registrados a partir de julio y el tercer tramo del 9% se instrumenta para los consumos registrados a partir de noviembre.<\/p>\n","protected":false},"excerpt":{"rendered":"<p>Se trata de la resoluci\u00f3n de la Audiencia P\u00fablica celebrada en abril de este a\u00f1o. La empresa se\u00f1ala que la vigencia del \u00faltimo tramo, impactar\u00e1 plenamente reci\u00e9n en enero del 2022. La&#46;&#46;&#46;<\/p>\n","protected":false},"author":1,"featured_media":4531,"comment_status":"closed","ping_status":"closed","sticky":false,"template":"","format":"standard","meta":[],"categories":[16,12,8],"tags":[],"_links":{"self":[{"href":"https:\/\/www.revistarescatados.com.ar\/web\/wp-json\/wp\/v2\/posts\/15712"}],"collection":[{"href":"https:\/\/www.revistarescatados.com.ar\/web\/wp-json\/wp\/v2\/posts"}],"about":[{"href":"https:\/\/www.revistarescatados.com.ar\/web\/wp-json\/wp\/v2\/types\/post"}],"author":[{"embeddable":true,"href":"https:\/\/www.revistarescatados.com.ar\/web\/wp-json\/wp\/v2\/users\/1"}],"replies":[{"embeddable":true,"href":"https:\/\/www.revistarescatados.com.ar\/web\/wp-json\/wp\/v2\/comments?post=15712"}],"version-history":[{"count":1,"href":"https:\/\/www.revistarescatados.com.ar\/web\/wp-json\/wp\/v2\/posts\/15712\/revisions"}],"predecessor-version":[{"id":15713,"href":"https:\/\/www.revistarescatados.com.ar\/web\/wp-json\/wp\/v2\/posts\/15712\/revisions\/15713"}],"wp:featuredmedia":[{"embeddable":true,"href":"https:\/\/www.revistarescatados.com.ar\/web\/wp-json\/wp\/v2\/media\/4531"}],"wp:attachment":[{"href":"https:\/\/www.revistarescatados.com.ar\/web\/wp-json\/wp\/v2\/media?parent=15712"}],"wp:term":[{"taxonomy":"category","embeddable":true,"href":"https:\/\/www.revistarescatados.com.ar\/web\/wp-json\/wp\/v2\/categories?post=15712"},{"taxonomy":"post_tag","embeddable":true,"href":"https:\/\/www.revistarescatados.com.ar\/web\/wp-json\/wp\/v2\/tags?post=15712"}],"curies":[{"name":"wp","href":"https:\/\/api.w.org\/{rel}","templated":true}]}}