{"id":15714,"date":"2021-11-03T16:58:53","date_gmt":"2021-11-03T19:58:53","guid":{"rendered":"https:\/\/www.revistarescatados.com.ar\/web\/?p=15714"},"modified":"2021-11-03T17:15:26","modified_gmt":"2021-11-03T20:15:26","slug":"rescatados-teve-cumplio-400-emisiones-en-la-television-de-calchaqui","status":"publish","type":"post","link":"https:\/\/www.revistarescatados.com.ar\/web\/2021\/11\/03\/rescatados-teve-cumplio-400-emisiones-en-la-television-de-calchaqui\/","title":{"rendered":"&#8220;Rescatados TeVe&#8221; cumpli\u00f3 400 emisiones en la televisi\u00f3n de Calchaqu\u00ed"},"content":{"rendered":"\n<p><strong><span class=\"has-inline-color has-vivid-red-color\">En la edici\u00f3n especial del martes estuvo presente el intendente municipal de Calchaqu\u00ed &#8211; Rub\u00e9n Cuello &#8211; quien realiz\u00f3 un balance de la gesti\u00f3n en materia de obra p\u00fablica, producci\u00f3n, acci\u00f3n social y medioambientes. Asimismo se refiri\u00f3 a las elecciones que se avecinan para la ciudad y la regi\u00f3n.<\/span><\/strong><\/p>\n\n\n\n<figure class=\"wp-block-image size-large\"><img loading=\"lazy\" width=\"1024\" height=\"576\" src=\"https:\/\/www.revistarescatados.com.ar\/web\/wp-content\/uploads\/2021\/11\/Cuello-en-Rescatados-Teve-1024x576.jpg\" alt=\"\" class=\"wp-image-15715\" srcset=\"https:\/\/www.revistarescatados.com.ar\/web\/wp-content\/uploads\/2021\/11\/Cuello-en-Rescatados-Teve-1024x576.jpg 1024w, https:\/\/www.revistarescatados.com.ar\/web\/wp-content\/uploads\/2021\/11\/Cuello-en-Rescatados-Teve-300x169.jpg 300w, https:\/\/www.revistarescatados.com.ar\/web\/wp-content\/uploads\/2021\/11\/Cuello-en-Rescatados-Teve-768x432.jpg 768w, https:\/\/www.revistarescatados.com.ar\/web\/wp-content\/uploads\/2021\/11\/Cuello-en-Rescatados-Teve.jpg 1280w\" sizes=\"(max-width: 1024px) 100vw, 1024px\" \/><\/figure>\n\n\n\n<p>Este martes 2 de noviembre, el \u00fanico programa televisivo sobre la actualidad de la ciudad que se emite por el Canal 2 de Telenorte Plus, celebr\u00f3 sus 400 emisiones. El invitado para la ocasi\u00f3n fue el intendente Rub\u00e9n Cuello, quien felicit\u00f3 a la producci\u00f3n del programa por la labor informativa y la permanencia del ciclo. <\/p>\n\n\n\n<p>Adem\u00e1s brind\u00f3  detalles acerca de la recientemente licitada obra de cloacas del barrio San Mart\u00edn, como tambi\u00e9n del proyecto que ampliar\u00e1 el servicio en 5 barrios de la ciudad &#8211; con una inversi\u00f3n de m\u00e1s de 225 millones de pesos &#8211; y dotar\u00e1 de un 95% de cloacas a la ciudad. <\/p>\n\n\n\n<p>Se refiri\u00f3 a las obras de consolidado de calles con RAP (reciclado de Asfalto de la ruta 11)  en comunidad aborigen, San Cayetano y Malvinas y de ripio en Belgrano, San Mart\u00edn y San Jos\u00e9. Como tambi\u00e9n a la construcci\u00f3n de 14 cuadras de pavimento en barrio Moreno, Santa Rosa y Gardelito. Adem\u00e1s de las obras de ripiado del camino a laguna El Cristal y a la escuela de Colonia La Angelita, que favorecen la producci\u00f3n de una amplia zona del distrito rural.<\/p>\n\n\n\n<p>Asimismo se refiri\u00f3 a los programas sociales que se han implementado, las capacitaciones a j<\/p>\n\n\n\n<p>Asimismo se refiri\u00f3 a los programas sociales que se han implementado, las capacitaciones a j\u00f3venes de la Oficina de Empleo Municipal y apoyo a peque\u00f1os productores y emprendedores de la secretar\u00eda de la producci\u00f3n. Como tambi\u00e9n a la gesti\u00f3n en materia de medioambiente, referida al traslado del sitio de disposici\u00f3n de residuos a un predio en el KM 213.<\/p>\n\n\n\n<p>Finalmente, se refiri\u00f3 a la cuesti\u00f3n pol\u00edtica, donde expres\u00f3 su apoyo a la lista de concejales encabezada por la Dra. Graciela Hetze; como tambi\u00e9n al armado territorial del peronismo en todo el departamento Vera.<\/p>\n\n\n\n<p> LINK: <a href=\"https:\/\/fb.watch\/92EFthak03\/\"><strong>h<\/strong><\/a><a href=\"https:\/\/fb.watch\/92EFthak03\/\" target=\"_blank\" rel=\"noreferrer noopener\"><strong>ttps:\/\/fb.watch\/92EFthak03\/<\/strong><\/a><\/p>\n\n\n\n<iframe loading=\"lazy\" src=\"https:\/\/www.facebook.com\/plugins\/video.php?height=314&#038;href=https%3A%2F%2Fwww.facebook.com%2Frescatados.calchaqui.5%2Fvideos%2F1042030583258040%2F&#038;show_text=true&#038;width=560&#038;t=360\" width=\"560\" height=\"429\" style=\"border:none;overflow:hidden\" scrolling=\"no\" frameborder=\"0\" allowfullscreen=\"true\" allow=\"autoplay; clipboard-write; encrypted-media; picture-in-picture; web-share\" allowFullScreen=\"true\"><\/iframe>\n\n\n\n<p><strong><span class=\"has-inline-color has-vivid-red-color\">RESCATADOS TeVe<\/span><\/strong><\/p>\n\n\n\n<p>Su primera emisi\u00f3n fue el 16 de agosto del a\u00f1o 2013, en la se\u00f1al de Telecable, con la conducci\u00f3n de C\u00e9sar Mendoza.&nbsp; Forma parte de la apuesta multimedial de Revista Rescatados,&nbsp; medio gr\u00e1fico y web con m\u00e1s de 18 a\u00f1os de vigencia en la regi\u00f3n.<\/p>\n\n\n\n<p>Actualmente se emite por la pantalla de Canal 2 de Cosemar\/Telenorte Plus, los d\u00edas martes a las 21 horas; siendo retransmitido en directo por la fanpage en Facebook: Rescatados Televisi\u00f3n Calchaqu\u00ed.<\/p>\n","protected":false},"excerpt":{"rendered":"<p>En la edici\u00f3n especial del martes estuvo presente el intendente municipal de Calchaqu\u00ed &#8211; Rub\u00e9n Cuello &#8211; quien realiz\u00f3 un balance de la gesti\u00f3n en materia de obra p\u00fablica, producci\u00f3n, acci\u00f3n social&#46;&#46;&#46;<\/p>\n","protected":false},"author":1,"featured_media":15715,"comment_status":"closed","ping_status":"closed","sticky":false,"template":"","format":"standard","meta":[],"categories":[2,7,3,16,8],"tags":[],"_links":{"self":[{"href":"https:\/\/www.revistarescatados.com.ar\/web\/wp-json\/wp\/v2\/posts\/15714"}],"collection":[{"href":"https:\/\/www.revistarescatados.com.ar\/web\/wp-json\/wp\/v2\/posts"}],"about":[{"href":"https:\/\/www.revistarescatados.com.ar\/web\/wp-json\/wp\/v2\/types\/post"}],"author":[{"embeddable":true,"href":"https:\/\/www.revistarescatados.com.ar\/web\/wp-json\/wp\/v2\/users\/1"}],"replies":[{"embeddable":true,"href":"https:\/\/www.revistarescatados.com.ar\/web\/wp-json\/wp\/v2\/comments?post=15714"}],"version-history":[{"count":1,"href":"https:\/\/www.revistarescatados.com.ar\/web\/wp-json\/wp\/v2\/posts\/15714\/revisions"}],"predecessor-version":[{"id":15716,"href":"https:\/\/www.revistarescatados.com.ar\/web\/wp-json\/wp\/v2\/posts\/15714\/revisions\/15716"}],"wp:featuredmedia":[{"embeddable":true,"href":"https:\/\/www.revistarescatados.com.ar\/web\/wp-json\/wp\/v2\/media\/15715"}],"wp:attachment":[{"href":"https:\/\/www.revistarescatados.com.ar\/web\/wp-json\/wp\/v2\/media?parent=15714"}],"wp:term":[{"taxonomy":"category","embeddable":true,"href":"https:\/\/www.revistarescatados.com.ar\/web\/wp-json\/wp\/v2\/categories?post=15714"},{"taxonomy":"post_tag","embeddable":true,"href":"https:\/\/www.revistarescatados.com.ar\/web\/wp-json\/wp\/v2\/tags?post=15714"}],"curies":[{"name":"wp","href":"https:\/\/api.w.org\/{rel}","templated":true}]}}