{"id":15726,"date":"2021-11-03T18:16:38","date_gmt":"2021-11-03T21:16:38","guid":{"rendered":"https:\/\/www.revistarescatados.com.ar\/web\/?p=15726"},"modified":"2021-11-03T18:16:44","modified_gmt":"2021-11-03T21:16:44","slug":"los-gobernadores-gerardo-morales-y-gustavo-valdez-visitaran-el-departamento-gral-obligado","status":"publish","type":"post","link":"https:\/\/www.revistarescatados.com.ar\/web\/2021\/11\/03\/los-gobernadores-gerardo-morales-y-gustavo-valdez-visitaran-el-departamento-gral-obligado\/","title":{"rendered":"Los gobernadores Gerardo Morales y Gustavo Valdez visitar\u00e1n el departamento Gral. Obligado"},"content":{"rendered":"\n<p><\/p>\n\n\n\n<p><strong><span class=\"has-inline-color has-vivid-red-color\">El pr\u00f3ximo 05 de noviembre, el gobernador de la provincia de Jujuy junto al gobernador de la provincia de Corrientes, visitar\u00e1n el Departamento General Obligado para acompa\u00f1ar al candidato a senador Dionisio Scarpin.<\/span><\/strong><\/p>\n\n\n\n<figure class=\"wp-block-image size-full\"><img loading=\"lazy\" width=\"900\" height=\"517\" src=\"https:\/\/www.revistarescatados.com.ar\/web\/wp-content\/uploads\/2021\/11\/Morales-Valdes.jpg\" alt=\"\" class=\"wp-image-15727\" srcset=\"https:\/\/www.revistarescatados.com.ar\/web\/wp-content\/uploads\/2021\/11\/Morales-Valdes.jpg 900w, https:\/\/www.revistarescatados.com.ar\/web\/wp-content\/uploads\/2021\/11\/Morales-Valdes-300x172.jpg 300w, https:\/\/www.revistarescatados.com.ar\/web\/wp-content\/uploads\/2021\/11\/Morales-Valdes-768x441.jpg 768w\" sizes=\"(max-width: 900px) 100vw, 900px\" \/><\/figure>\n\n\n\n<p><br>Su recorrido comienza a partir de las 9:30 horas en la ciudad de Las Toscas, donde se encontrar\u00e1 con el actual intendente.<\/p>\n\n\n\n<p><br>Luego visitar\u00e1n la ciudad de Villa Ocampo.<\/p>\n\n\n\n<p><br>A partir de las 13:00, en la ciudad de Malabrigo visitar\u00e1n al intendente y se llevar\u00e1 adelante un almuerzo con instituciones locales.<\/p>\n\n\n\n<p><br>Despu\u00e9s, a las 17:00 horas en la ciudad de Reconquista, se llevar\u00e1 a cabo una conferencia de prensa en la empresa Electroluz. <\/p>\n\n\n\n<p>Luego de eso, a las 18:30 se reunir\u00e1n con empresarios e instituciones locales en el ente del Parque Industrial. Y finaliza con el acto central en el Club Adelante a las 20:00 horas.<\/p>\n","protected":false},"excerpt":{"rendered":"<p>El pr\u00f3ximo 05 de noviembre, el gobernador de la provincia de Jujuy junto al gobernador de la provincia de Corrientes, visitar\u00e1n el Departamento General Obligado para acompa\u00f1ar al candidato a senador Dionisio&#46;&#46;&#46;<\/p>\n","protected":false},"author":1,"featured_media":15727,"comment_status":"closed","ping_status":"closed","sticky":false,"template":"","format":"standard","meta":[],"categories":[6,16,13],"tags":[],"_links":{"self":[{"href":"https:\/\/www.revistarescatados.com.ar\/web\/wp-json\/wp\/v2\/posts\/15726"}],"collection":[{"href":"https:\/\/www.revistarescatados.com.ar\/web\/wp-json\/wp\/v2\/posts"}],"about":[{"href":"https:\/\/www.revistarescatados.com.ar\/web\/wp-json\/wp\/v2\/types\/post"}],"author":[{"embeddable":true,"href":"https:\/\/www.revistarescatados.com.ar\/web\/wp-json\/wp\/v2\/users\/1"}],"replies":[{"embeddable":true,"href":"https:\/\/www.revistarescatados.com.ar\/web\/wp-json\/wp\/v2\/comments?post=15726"}],"version-history":[{"count":1,"href":"https:\/\/www.revistarescatados.com.ar\/web\/wp-json\/wp\/v2\/posts\/15726\/revisions"}],"predecessor-version":[{"id":15728,"href":"https:\/\/www.revistarescatados.com.ar\/web\/wp-json\/wp\/v2\/posts\/15726\/revisions\/15728"}],"wp:featuredmedia":[{"embeddable":true,"href":"https:\/\/www.revistarescatados.com.ar\/web\/wp-json\/wp\/v2\/media\/15727"}],"wp:attachment":[{"href":"https:\/\/www.revistarescatados.com.ar\/web\/wp-json\/wp\/v2\/media?parent=15726"}],"wp:term":[{"taxonomy":"category","embeddable":true,"href":"https:\/\/www.revistarescatados.com.ar\/web\/wp-json\/wp\/v2\/categories?post=15726"},{"taxonomy":"post_tag","embeddable":true,"href":"https:\/\/www.revistarescatados.com.ar\/web\/wp-json\/wp\/v2\/tags?post=15726"}],"curies":[{"name":"wp","href":"https:\/\/api.w.org\/{rel}","templated":true}]}}