{"id":15767,"date":"2021-11-05T22:18:52","date_gmt":"2021-11-06T01:18:52","guid":{"rendered":"https:\/\/www.revistarescatados.com.ar\/web\/?p=15767"},"modified":"2021-11-05T22:18:57","modified_gmt":"2021-11-06T01:18:57","slug":"la-escuela-especial-no-2106-cumple-29-anos-promoviendo-la-inclusion-en-calchaqui-video","status":"publish","type":"post","link":"https:\/\/www.revistarescatados.com.ar\/web\/2021\/11\/05\/la-escuela-especial-no-2106-cumple-29-anos-promoviendo-la-inclusion-en-calchaqui-video\/","title":{"rendered":"La escuela especial N\u00ba 2106 cumple 29 a\u00f1os promoviendo la inclusi\u00f3n en Calchaqu\u00ed (VIDEO)"},"content":{"rendered":"\n<p><\/p>\n\n\n\n<p><strong><span class=\"has-inline-color has-vivid-red-color\">Fue creada el 6 de noviembre del a\u00f1o 1992. Docentes integradoras realizaron un video colaborativo valorando la inclusi\u00f3n de las personas con discapacidad para alcanzar un mayor crecimiento social y comunitario.<\/span><\/strong><\/p>\n\n\n\n<figure class=\"wp-block-image size-full\"><img loading=\"lazy\" width=\"972\" height=\"729\" src=\"https:\/\/www.revistarescatados.com.ar\/web\/wp-content\/uploads\/2021\/11\/Escuela-Especial.jpg\" alt=\"\" class=\"wp-image-15768\" srcset=\"https:\/\/www.revistarescatados.com.ar\/web\/wp-content\/uploads\/2021\/11\/Escuela-Especial.jpg 972w, https:\/\/www.revistarescatados.com.ar\/web\/wp-content\/uploads\/2021\/11\/Escuela-Especial-300x225.jpg 300w, https:\/\/www.revistarescatados.com.ar\/web\/wp-content\/uploads\/2021\/11\/Escuela-Especial-768x576.jpg 768w\" sizes=\"(max-width: 972px) 100vw, 972px\" \/><\/figure>\n\n\n\n<p>Este 6 de noviembre, la comunidad educativa de la Escuela Especial N\u00ba 2106 \u201cDr. Luis Marcos Tiscornia\u201d conmemora su vig\u00e9simo noveno aniversario.<\/p>\n\n\n\n<p>Por la pandemia, se organiz\u00f3 una celebraci\u00f3n del cumple en cada turno y solo con los alumnos de planta. Como parte de la jornada interinstitucional, las docentes integradoras\u00a0 realizaron video tomando como tema la inclusi\u00f3n, con las opiniones de directivos, docentes, padres y alumnos.<\/p>\n\n\n\n<figure class=\"wp-block-video\"><video controls src=\"https:\/\/www.revistarescatados.com.ar\/web\/wp-content\/uploads\/2021\/11\/VIDEO-ESCUELA-ESPECIAL.mp4\"><\/video><\/figure>\n\n\n\n<p><strong><span class=\"has-inline-color has-vivid-red-color\">UN POCO DE HISTORIA<\/span><\/strong><\/p>\n\n\n\n<p>En 1989, un grupo de personas (padres, vecinos de Calchaqu\u00ed y localidades vecinas) ante la propuesta de la profesora Mariela Clarotti, comenzaron a reunirse para la elaboraci\u00f3n de un proyecto que era una necesidad urgente a satisfacer: la creaci\u00f3n de una Escuela Especial para Calchaqu\u00ed. Se cont\u00f3 con la experiencia en la docencia del Sr. Eduardo Marioni y la Sra. Perla de Zanutigh.<\/p>\n\n\n\n<figure class=\"wp-block-image size-full\"><img loading=\"lazy\" width=\"922\" height=\"615\" src=\"http:\/\/www.revistarescatados.com.ar\/web\/wp-content\/uploads\/2018\/04\/Escuela-especial-N\u00ba-2106-de-Calchaqui.jpg\" alt=\"\" class=\"wp-image-127\" srcset=\"https:\/\/www.revistarescatados.com.ar\/web\/wp-content\/uploads\/2018\/04\/Escuela-especial-N\u00ba-2106-de-Calchaqui.jpg 922w, https:\/\/www.revistarescatados.com.ar\/web\/wp-content\/uploads\/2018\/04\/Escuela-especial-N\u00ba-2106-de-Calchaqui-300x200.jpg 300w, https:\/\/www.revistarescatados.com.ar\/web\/wp-content\/uploads\/2018\/04\/Escuela-especial-N\u00ba-2106-de-Calchaqui-768x512.jpg 768w\" sizes=\"(max-width: 922px) 100vw, 922px\" \/><\/figure>\n\n\n\n<p>Desde entonces el trabajo fue ininterrumpido, como hormiguitas\u2026todos aportaban algo. As\u00ed fue, con mucho amor, esfuerzo y dedicaci\u00f3n: el 6 de noviembre de 1992, por decreto N\u00ba 3660 se inaugur\u00f3 la escuela. En el acto estuvieron presentes el entonces gobernador Carlos Reutemann, Guillermo Berli (Senador provincial), Ismael Berli (Intendente) y dem\u00e1s autoridades civiles, militares, eclesi\u00e1sticas, directores de escuelas, docentes, alumnos y vecinos. Todo fue muy emotivo, marcaba el comienzo de una escuela tan esperada.<\/p>\n\n\n\n<figure class=\"wp-block-image size-full is-resized\"><img loading=\"lazy\" src=\"https:\/\/www.revistarescatados.com.ar\/web\/wp-content\/uploads\/2021\/11\/Inauguracion-de-la-escuela-especial-no-2106-1.jpg\" alt=\"\" class=\"wp-image-15770\" width=\"679\" height=\"453\" srcset=\"https:\/\/www.revistarescatados.com.ar\/web\/wp-content\/uploads\/2021\/11\/Inauguracion-de-la-escuela-especial-no-2106-1.jpg 600w, https:\/\/www.revistarescatados.com.ar\/web\/wp-content\/uploads\/2021\/11\/Inauguracion-de-la-escuela-especial-no-2106-1-300x200.jpg 300w\" sizes=\"(max-width: 679px) 100vw, 679px\" \/><\/figure>\n\n\n\n<p>La Escuela especial es una instituci\u00f3n p\u00fablica, con edificio propio, sobre Pasaje Luis Chiara en&nbsp; B\u00ba Carlos Gardel. En sus inicios funcionaba con una matr\u00edcula de 36 alumnos con necesidades educativas especiales. Luego, cada a\u00f1o\u2026una sorpresa, como por ejemplo en 1993, se form\u00f3 la primera Asociaci\u00f3n Cooperadora y se cre\u00f3 el comedor escolar.<\/p>\n","protected":false},"excerpt":{"rendered":"<p>Fue creada el 6 de noviembre del a\u00f1o 1992. Docentes integradoras realizaron un video colaborativo valorando la inclusi\u00f3n de las personas con discapacidad para alcanzar un mayor crecimiento social y comunitario. Este&#46;&#46;&#46;<\/p>\n","protected":false},"author":1,"featured_media":15768,"comment_status":"closed","ping_status":"closed","sticky":false,"template":"","format":"standard","meta":[],"categories":[2,3,16,15],"tags":[],"_links":{"self":[{"href":"https:\/\/www.revistarescatados.com.ar\/web\/wp-json\/wp\/v2\/posts\/15767"}],"collection":[{"href":"https:\/\/www.revistarescatados.com.ar\/web\/wp-json\/wp\/v2\/posts"}],"about":[{"href":"https:\/\/www.revistarescatados.com.ar\/web\/wp-json\/wp\/v2\/types\/post"}],"author":[{"embeddable":true,"href":"https:\/\/www.revistarescatados.com.ar\/web\/wp-json\/wp\/v2\/users\/1"}],"replies":[{"embeddable":true,"href":"https:\/\/www.revistarescatados.com.ar\/web\/wp-json\/wp\/v2\/comments?post=15767"}],"version-history":[{"count":1,"href":"https:\/\/www.revistarescatados.com.ar\/web\/wp-json\/wp\/v2\/posts\/15767\/revisions"}],"predecessor-version":[{"id":15771,"href":"https:\/\/www.revistarescatados.com.ar\/web\/wp-json\/wp\/v2\/posts\/15767\/revisions\/15771"}],"wp:featuredmedia":[{"embeddable":true,"href":"https:\/\/www.revistarescatados.com.ar\/web\/wp-json\/wp\/v2\/media\/15768"}],"wp:attachment":[{"href":"https:\/\/www.revistarescatados.com.ar\/web\/wp-json\/wp\/v2\/media?parent=15767"}],"wp:term":[{"taxonomy":"category","embeddable":true,"href":"https:\/\/www.revistarescatados.com.ar\/web\/wp-json\/wp\/v2\/categories?post=15767"},{"taxonomy":"post_tag","embeddable":true,"href":"https:\/\/www.revistarescatados.com.ar\/web\/wp-json\/wp\/v2\/tags?post=15767"}],"curies":[{"name":"wp","href":"https:\/\/api.w.org\/{rel}","templated":true}]}}