{"id":15793,"date":"2021-11-09T00:46:33","date_gmt":"2021-11-09T03:46:33","guid":{"rendered":"https:\/\/www.revistarescatados.com.ar\/web\/?p=15793"},"modified":"2021-11-09T00:46:39","modified_gmt":"2021-11-09T03:46:39","slug":"sosa-aseguro-que-se-proyectan-obras-por-casi-800-millones-en-vera-para-el-ano-2022","status":"publish","type":"post","link":"https:\/\/www.revistarescatados.com.ar\/web\/2021\/11\/09\/sosa-aseguro-que-se-proyectan-obras-por-casi-800-millones-en-vera-para-el-ano-2022\/","title":{"rendered":"Sosa asegur\u00f3 que se proyectan obras por casi 800 millones en Vera para el a\u00f1o 2022"},"content":{"rendered":"\n<p><strong><span class=\"has-inline-color has-vivid-red-color\">El senador Osvaldo Sosa dijo que \u201cen el an\u00e1lisis que venimos realizando sobre el proyecto del presupuesto para el a\u00f1o 2022, se estar\u00eda realizando una inversi\u00f3n en el distrito de Vera por la suma de $ 766.093.000\u201d.<\/span><\/strong><\/p>\n\n\n\n<figure class=\"wp-block-image size-full\"><img loading=\"lazy\" width=\"960\" height=\"540\" src=\"http:\/\/www.revistarescatados.com.ar\/web\/wp-content\/uploads\/2021\/10\/Sosa.jpg\" alt=\"\" class=\"wp-image-15473\" srcset=\"https:\/\/www.revistarescatados.com.ar\/web\/wp-content\/uploads\/2021\/10\/Sosa.jpg 960w, https:\/\/www.revistarescatados.com.ar\/web\/wp-content\/uploads\/2021\/10\/Sosa-300x169.jpg 300w, https:\/\/www.revistarescatados.com.ar\/web\/wp-content\/uploads\/2021\/10\/Sosa-768x432.jpg 768w\" sizes=\"(max-width: 960px) 100vw, 960px\" \/><\/figure>\n\n\n\n<p><br>Las obras siempre son bienvenidas porque con ellas tambi\u00e9n viene el progreso, y muchas de ellas son producto de las gestiones y del continuo trabajo que venimos realizando, como la estaci\u00f3n transformadora, muy esperada por todos y de la cual participamos en todas sus etapas, incluidas la escrituraci\u00f3n del terreno. Esta obra que venimos gestionando desde el a\u00f1o 2016. En el a\u00f1o 2022 vamos a tener una inversi\u00f3n de 29 millones, en el 2023 m\u00e1s de 700 millones y se culminar\u00eda en el 2024 con una inversi\u00f3n de casi 300 millones.<\/p>\n\n\n\n<p><br>Adem\u00e1s de la obra de la ruta 36s, que se encuentra en el tramo final, que une el departamento Vera con el departamento San Javier lo que nos genera una gran oportunidad para nuestro desarrollo.<\/p>\n\n\n\n<p><br>Tambi\u00e9n la obra de la ruta 88s que permite el acceso a Santa Felicia, dando conectividad de dos instituciones de suma importancia como la Guardia Rural y la Penitenciaria N\u00b010, adem\u00e1s de todos los que usan esa v\u00eda de comunicaci\u00f3n.<\/p>\n\n\n\n<p><br>\u201cVamos a seguir gestionando para que m\u00e1s obras lleguen a nuestro departamento y vamos a seguir trabajando para la inclusi\u00f3n de m\u00e1s obras en el presupuesto para el a\u00f1o 2022\u201d Dijo el legislador por Vera.<\/p>\n","protected":false},"excerpt":{"rendered":"<p>El senador Osvaldo Sosa dijo que \u201cen el an\u00e1lisis que venimos realizando sobre el proyecto del presupuesto para el a\u00f1o 2022, se estar\u00eda realizando una inversi\u00f3n en el distrito de Vera por&#46;&#46;&#46;<\/p>\n","protected":false},"author":1,"featured_media":15473,"comment_status":"closed","ping_status":"closed","sticky":false,"template":"","format":"standard","meta":[],"categories":[3,16,10,13],"tags":[],"_links":{"self":[{"href":"https:\/\/www.revistarescatados.com.ar\/web\/wp-json\/wp\/v2\/posts\/15793"}],"collection":[{"href":"https:\/\/www.revistarescatados.com.ar\/web\/wp-json\/wp\/v2\/posts"}],"about":[{"href":"https:\/\/www.revistarescatados.com.ar\/web\/wp-json\/wp\/v2\/types\/post"}],"author":[{"embeddable":true,"href":"https:\/\/www.revistarescatados.com.ar\/web\/wp-json\/wp\/v2\/users\/1"}],"replies":[{"embeddable":true,"href":"https:\/\/www.revistarescatados.com.ar\/web\/wp-json\/wp\/v2\/comments?post=15793"}],"version-history":[{"count":1,"href":"https:\/\/www.revistarescatados.com.ar\/web\/wp-json\/wp\/v2\/posts\/15793\/revisions"}],"predecessor-version":[{"id":15794,"href":"https:\/\/www.revistarescatados.com.ar\/web\/wp-json\/wp\/v2\/posts\/15793\/revisions\/15794"}],"wp:featuredmedia":[{"embeddable":true,"href":"https:\/\/www.revistarescatados.com.ar\/web\/wp-json\/wp\/v2\/media\/15473"}],"wp:attachment":[{"href":"https:\/\/www.revistarescatados.com.ar\/web\/wp-json\/wp\/v2\/media?parent=15793"}],"wp:term":[{"taxonomy":"category","embeddable":true,"href":"https:\/\/www.revistarescatados.com.ar\/web\/wp-json\/wp\/v2\/categories?post=15793"},{"taxonomy":"post_tag","embeddable":true,"href":"https:\/\/www.revistarescatados.com.ar\/web\/wp-json\/wp\/v2\/tags?post=15793"}],"curies":[{"name":"wp","href":"https:\/\/api.w.org\/{rel}","templated":true}]}}