{"id":15798,"date":"2021-11-09T00:58:15","date_gmt":"2021-11-09T03:58:15","guid":{"rendered":"https:\/\/www.revistarescatados.com.ar\/web\/?p=15798"},"modified":"2021-11-09T00:58:22","modified_gmt":"2021-11-09T03:58:22","slug":"asoem-calchaqui-celebro-con-una-cena-el-dia-de-los-empleados-municipales-y-comunales","status":"publish","type":"post","link":"https:\/\/www.revistarescatados.com.ar\/web\/2021\/11\/09\/asoem-calchaqui-celebro-con-una-cena-el-dia-de-los-empleados-municipales-y-comunales\/","title":{"rendered":"ASOEM Calchaqu\u00ed celebr\u00f3 con una cena el D\u00eda de los empleados municipales y comunales"},"content":{"rendered":"\n<p><strong><span class=\"has-inline-color has-vivid-red-color\">El agasajo para los afiliados se realiz\u00f3 el pasado s\u00e1bado en el sal\u00f3n de eventos de la Asociaci\u00f3n de Empleados Municipales de Calchaqu\u00ed, con la participaci\u00f3n de trabajadores de Calchaqu\u00ed, Vera y Pintado, Pedro G\u00f3mez Cello y Margarita. A la cena, se sum\u00f3 la entrega de distinciones, premios y show musical de Rub\u00e9n Aranda.<\/span><\/strong><\/p>\n\n\n\n<figure class=\"wp-block-image size-large\"><img loading=\"lazy\" width=\"1024\" height=\"682\" src=\"https:\/\/www.revistarescatados.com.ar\/web\/wp-content\/uploads\/2021\/11\/ASOEM-cena-1-1024x682.jpg\" alt=\"\" class=\"wp-image-15799\" srcset=\"https:\/\/www.revistarescatados.com.ar\/web\/wp-content\/uploads\/2021\/11\/ASOEM-cena-1-1024x682.jpg 1024w, https:\/\/www.revistarescatados.com.ar\/web\/wp-content\/uploads\/2021\/11\/ASOEM-cena-1-300x200.jpg 300w, https:\/\/www.revistarescatados.com.ar\/web\/wp-content\/uploads\/2021\/11\/ASOEM-cena-1-768x512.jpg 768w, https:\/\/www.revistarescatados.com.ar\/web\/wp-content\/uploads\/2021\/11\/ASOEM-cena-1.jpg 1280w\" sizes=\"(max-width: 1024px) 100vw, 1024px\" \/><\/figure>\n\n\n\n<p><strong>D\u00cdA DEL EMPLEADO MUNICIPAL<\/strong><\/p>\n\n\n\n<p>El 8 de noviembre de cada a\u00f1o se celebra el D\u00eda del Trabajador Municipal Argentino. Es en recuerdo del 8 de&nbsp;noviembre&nbsp;de 1959, cuando se constituy\u00f3 la Confederaci\u00f3n de Obreros y Empleados Municipales de la Rep\u00fablica Argentina.<\/p>\n\n\n\n<p>Esto determin\u00f3 que este lunes hubo asueto para los empleados de municipalidades y comunas de todo el pa\u00eds.<\/p>\n\n\n\n<figure class=\"wp-block-image size-large\"><img loading=\"lazy\" width=\"1024\" height=\"682\" src=\"https:\/\/www.revistarescatados.com.ar\/web\/wp-content\/uploads\/2021\/11\/ASOEM-1024x682.jpg\" alt=\"\" class=\"wp-image-15800\" srcset=\"https:\/\/www.revistarescatados.com.ar\/web\/wp-content\/uploads\/2021\/11\/ASOEM-1024x682.jpg 1024w, https:\/\/www.revistarescatados.com.ar\/web\/wp-content\/uploads\/2021\/11\/ASOEM-300x200.jpg 300w, https:\/\/www.revistarescatados.com.ar\/web\/wp-content\/uploads\/2021\/11\/ASOEM-768x512.jpg 768w, https:\/\/www.revistarescatados.com.ar\/web\/wp-content\/uploads\/2021\/11\/ASOEM.jpg 1280w\" sizes=\"(max-width: 1024px) 100vw, 1024px\" \/><\/figure>\n\n\n\n<p><\/p>\n","protected":false},"excerpt":{"rendered":"<p>El agasajo para los afiliados se realiz\u00f3 el pasado s\u00e1bado en el sal\u00f3n de eventos de la Asociaci\u00f3n de Empleados Municipales de Calchaqu\u00ed, con la participaci\u00f3n de trabajadores de Calchaqu\u00ed, Vera y&#46;&#46;&#46;<\/p>\n","protected":false},"author":1,"featured_media":15800,"comment_status":"closed","ping_status":"closed","sticky":false,"template":"","format":"standard","meta":[],"categories":[2,7,3,16,10],"tags":[],"_links":{"self":[{"href":"https:\/\/www.revistarescatados.com.ar\/web\/wp-json\/wp\/v2\/posts\/15798"}],"collection":[{"href":"https:\/\/www.revistarescatados.com.ar\/web\/wp-json\/wp\/v2\/posts"}],"about":[{"href":"https:\/\/www.revistarescatados.com.ar\/web\/wp-json\/wp\/v2\/types\/post"}],"author":[{"embeddable":true,"href":"https:\/\/www.revistarescatados.com.ar\/web\/wp-json\/wp\/v2\/users\/1"}],"replies":[{"embeddable":true,"href":"https:\/\/www.revistarescatados.com.ar\/web\/wp-json\/wp\/v2\/comments?post=15798"}],"version-history":[{"count":1,"href":"https:\/\/www.revistarescatados.com.ar\/web\/wp-json\/wp\/v2\/posts\/15798\/revisions"}],"predecessor-version":[{"id":15801,"href":"https:\/\/www.revistarescatados.com.ar\/web\/wp-json\/wp\/v2\/posts\/15798\/revisions\/15801"}],"wp:featuredmedia":[{"embeddable":true,"href":"https:\/\/www.revistarescatados.com.ar\/web\/wp-json\/wp\/v2\/media\/15800"}],"wp:attachment":[{"href":"https:\/\/www.revistarescatados.com.ar\/web\/wp-json\/wp\/v2\/media?parent=15798"}],"wp:term":[{"taxonomy":"category","embeddable":true,"href":"https:\/\/www.revistarescatados.com.ar\/web\/wp-json\/wp\/v2\/categories?post=15798"},{"taxonomy":"post_tag","embeddable":true,"href":"https:\/\/www.revistarescatados.com.ar\/web\/wp-json\/wp\/v2\/tags?post=15798"}],"curies":[{"name":"wp","href":"https:\/\/api.w.org\/{rel}","templated":true}]}}